{"id":101965,"date":"2025-05-20T20:58:01","date_gmt":"2025-05-20T20:58:01","guid":{"rendered":"https:\/\/ituzaingo.gob.ar\/turismo\/?p=101965"},"modified":"2025-05-21T18:18:05","modified_gmt":"2025-05-21T18:18:05","slug":"centro-de-aves-del-ibera","status":"publish","type":"post","link":"https:\/\/ituzaingo.gob.ar\/turismo\/centro-de-aves-del-ibera\/","title":{"rendered":"Centro de Aves Del Iber\u00e1"},"content":{"rendered":"\n<h3 class=\"wp-block-heading\"><strong><strong><strong>Centro de Aves Del Iber\u00e1<\/strong><\/strong><\/strong><\/h3>\n\n\n\n<div class=\"acordeon-box\">\n\n  <div class=\"acordeon-item\">\n    <button class=\"acordeon-titulo\">\n      <span class=\"acordeon-icono\"><i class=\"fa-regular fa-file-lines\"><\/i><\/span> Historia\n    <\/button>\n    <div class=\"acordeon-contenido\">\n      <p>Inaugurado en agosto de 2021, el centro ornitol\u00f3gico o de avistamiento de aves forma parte del Plan Iber\u00e1 y representa uno de los puntos claves en la regi\u00f3n para quienes se apasionan por el avistamiento de aves, actividad con un amplio crecimiento a nivel mundial<\/p>\n      <p>El centro ofrece actividades interactivas y educativas, ideales para toda la familia, que permiten a los turistas conocer de cerca las diferentes especies de aves que habitan los Esteros del Iber\u00e1 y comprender la importancia de su preservaci\u00f3n.<\/p>\n    <\/div>\n  <\/div>\n\n  <div class=\"acordeon-item\">\n    <button class=\"acordeon-titulo\">\n      <span class=\"acordeon-icono\"><i class=\"fa-solid fa-building-columns\"><\/i><\/span> Patrimonio\n    <\/button>\n    <div class=\"acordeon-contenido\">\n     \n    <\/div>\n  <\/div>\n\n  <div class=\"acordeon-item\">\n    <button class=\"acordeon-titulo\">\n      <span class=\"acordeon-icono\"><i class=\"fa-regular fa-clock\"><\/i><\/span> Horario de atenci\u00f3n\n    <\/button>\n    <div class=\"acordeon-contenido\">\n      <p>Todos los d\u00edas de 08:00 a 13:00 hs, y de 14:00 a 19:00 hs. <\/p>\n    <\/div>\n  <\/div>\n\n  <div class=\"acordeon-item\">\n    <button class=\"acordeon-titulo\">\n      <span class=\"acordeon-icono\"><i class=\"fa-solid fa-ticket\"><\/i><\/span> Precio de la entrada\n    <\/button>\n    <div class=\"acordeon-contenido\">\n      <p>Entrada libre y gratuita.<\/p>\n    <\/div>\n  <\/div>\n\n<div class=\"acordeon-item\">\n    <button class=\"acordeon-titulo\">\n      <span class=\"acordeon-icono\" ><i class=\"fa-regular fa-images\"><\/i><\/span> Galer\u00eda de im\u00e1genes\n    <\/button>\n    <div class=\"acordeon-contenido\">\n<div id=\"metaslider-id-101966\" style=\"max-width: 700px;\" class=\"ml-slider-3-106-0 metaslider metaslider-flex metaslider-101966 ml-slider has-dots-onhover-navigation ml-slider-lightbox-2-23-0 lightbox-disabled ms-theme-default-base\" role=\"region\" aria-label=\"Centro de interpretaci\u00f3n de Aves\" data-width=\"700\">\n    <div id=\"metaslider_container_101966\">\n        <div id=\"metaslider_101966\">\n            <ul class='slides'>\n                <li style=\"display: block; width: 100%;\" class=\"slide-101973 ms-image \" aria-roledescription=\"slide\" data-date=\"2025-05-20 20:57:36\" data-filename=\"centro_de_aves-1-700x524.webp\" data-slide-type=\"image\"><img decoding=\"async\" src=\"https:\/\/ituzaingo.gob.ar\/turismo\/wp-content\/uploads\/2025\/05\/centro_de_aves-1-700x524.webp\" width=\"700\" alt=\"\" class=\"slider-101966 slide-101973 msDefaultImage\" title=\"centro_de_aves (1)\" \/><\/li>\n                <li style=\"display: none; width: 100%;\" class=\"slide-101974 ms-image \" aria-roledescription=\"slide\" data-date=\"2025-05-20 20:57:36\" data-filename=\"centro_de_aves-2-700x524.webp\" data-slide-type=\"image\"><img decoding=\"async\" src=\"https:\/\/ituzaingo.gob.ar\/turismo\/wp-content\/uploads\/2025\/05\/centro_de_aves-2-700x524.webp\" width=\"700\" alt=\"\" class=\"slider-101966 slide-101974 msDefaultImage\" title=\"centro_de_aves (2)\" \/><\/li>\n                <li style=\"display: none; width: 100%;\" class=\"slide-101975 ms-image \" aria-roledescription=\"slide\" data-date=\"2025-05-20 20:57:36\" data-filename=\"centro_de_aves-3-700x524.webp\" data-slide-type=\"image\"><img decoding=\"async\" src=\"https:\/\/ituzaingo.gob.ar\/turismo\/wp-content\/uploads\/2025\/05\/centro_de_aves-3-700x524.webp\" width=\"700\" alt=\"\" class=\"slider-101966 slide-101975 msDefaultImage\" title=\"centro_de_aves (3)\" \/><\/li>\n                <li style=\"display: none; width: 100%;\" class=\"slide-101976 ms-image \" aria-roledescription=\"slide\" data-date=\"2025-05-20 20:57:36\" data-filename=\"centro_de_aves-4-700x524.webp\" data-slide-type=\"image\"><img decoding=\"async\" src=\"https:\/\/ituzaingo.gob.ar\/turismo\/wp-content\/uploads\/2025\/05\/centro_de_aves-4-700x524.webp\" width=\"700\" alt=\"\" class=\"slider-101966 slide-101976 msDefaultImage\" title=\"centro_de_aves (4)\" \/><\/li>\n                <li style=\"display: none; width: 100%;\" class=\"slide-101977 ms-image \" aria-roledescription=\"slide\" data-date=\"2025-05-20 20:57:36\" data-filename=\"centro_de_aves-5-700x524.webp\" data-slide-type=\"image\"><img decoding=\"async\" src=\"https:\/\/ituzaingo.gob.ar\/turismo\/wp-content\/uploads\/2025\/05\/centro_de_aves-5-700x524.webp\" width=\"700\" alt=\"\" class=\"slider-101966 slide-101977 msDefaultImage\" title=\"centro_de_aves (5)\" \/><\/li>\n                <li style=\"display: none; width: 100%;\" class=\"slide-101978 ms-image \" aria-roledescription=\"slide\" data-date=\"2025-05-20 20:57:37\" data-filename=\"centro_de_aves-6-700x524.webp\" data-slide-type=\"image\"><img decoding=\"async\" src=\"https:\/\/ituzaingo.gob.ar\/turismo\/wp-content\/uploads\/2025\/05\/centro_de_aves-6-700x524.webp\" width=\"700\" alt=\"\" class=\"slider-101966 slide-101978 msDefaultImage\" title=\"centro_de_aves (6)\" \/><\/li>\n            <\/ul>\n        <\/div>\n        \n    <\/div>\n<\/div>\n    <\/div>\n  <\/div>\n\n\n<!-- Ubicaci\u00f3n -->\n  <div class=\"acordeon-item\">\n    <button class=\"acordeon-titulo\">\n      <span class=\"acordeon-icono\"><i class=\"fa-regular fa-map\"><\/i><\/span> Ubicaci\u00f3n\n    <\/button>\n    <div class=\"acordeon-contenido\"> \n      <div class=\"mapa-ubicacion\">\n<iframe src=\"https:\/\/www.google.com\/maps\/embed?pb=!1m18!1m12!1m3!1d3278.757237801009!2d-56.677788199999995!3d-27.5737735!2m3!1f0!2f0!3f0!3m2!1i1024!2i768!4f13.1!3m3!1m2!1s0x945739be0c9410e5%3A0x9a873be1601db6b3!2sIbera%20Birding%20Center!5e1!3m2!1ses-419!2sar!4v1747774565360!5m2!1ses-419!2sar\" width=\"600\" height=\"450\" style=\"border:0;\" allowfullscreen=\"\" loading=\"lazy\" referrerpolicy=\"no-referrer-when-downgrade\"><\/iframe>\n      <\/div>\n    <\/div>\n  <\/div>\n\n\n<\/div>\n\n\n\n<div class=\"encabezado-lugar\">\n  <a href=\"\/turismo\/museos\"class=\"boton-volver-full\">\u2190 Volver a Museos<\/a>\n<\/div>\n\n\n\n<p><\/p>\n","protected":false},"excerpt":{"rendered":"<p>Centro de Aves Del Iber\u00e1 Historia Inaugurado en agosto de 2021, el centro ornitol\u00f3gico o de avistamiento de aves forma parte del Plan Iber\u00e1 y representa uno de los puntos claves en la regi\u00f3n para quienes se apasionan por el avistamiento de aves, actividad con un amplio crecimiento a nivel mundial El centro ofrece actividades [&hellip;]<\/p>\n","protected":false},"author":2,"featured_media":101969,"comment_status":"closed","ping_status":"closed","sticky":false,"template":"","format":"standard","meta":{"footnotes":""},"categories":[8],"tags":[],"class_list":["post-101965","post","type-post","status-publish","format-standard","has-post-thumbnail","hentry","category-museos"],"blocksy_meta":[],"_links":{"self":[{"href":"https:\/\/ituzaingo.gob.ar\/turismo\/wp-json\/wp\/v2\/posts\/101965","targetHints":{"allow":["GET"]}}],"collection":[{"href":"https:\/\/ituzaingo.gob.ar\/turismo\/wp-json\/wp\/v2\/posts"}],"about":[{"href":"https:\/\/ituzaingo.gob.ar\/turismo\/wp-json\/wp\/v2\/types\/post"}],"author":[{"embeddable":true,"href":"https:\/\/ituzaingo.gob.ar\/turismo\/wp-json\/wp\/v2\/users\/2"}],"replies":[{"embeddable":true,"href":"https:\/\/ituzaingo.gob.ar\/turismo\/wp-json\/wp\/v2\/comments?post=101965"}],"version-history":[{"count":2,"href":"https:\/\/ituzaingo.gob.ar\/turismo\/wp-json\/wp\/v2\/posts\/101965\/revisions"}],"predecessor-version":[{"id":102037,"href":"https:\/\/ituzaingo.gob.ar\/turismo\/wp-json\/wp\/v2\/posts\/101965\/revisions\/102037"}],"wp:featuredmedia":[{"embeddable":true,"href":"https:\/\/ituzaingo.gob.ar\/turismo\/wp-json\/wp\/v2\/media\/101969"}],"wp:attachment":[{"href":"https:\/\/ituzaingo.gob.ar\/turismo\/wp-json\/wp\/v2\/media?parent=101965"}],"wp:term":[{"taxonomy":"category","embeddable":true,"href":"https:\/\/ituzaingo.gob.ar\/turismo\/wp-json\/wp\/v2\/categories?post=101965"},{"taxonomy":"post_tag","embeddable":true,"href":"https:\/\/ituzaingo.gob.ar\/turismo\/wp-json\/wp\/v2\/tags?post=101965"}],"curies":[{"name":"wp","href":"https:\/\/api.w.org\/{rel}","templated":true}]}}