{"id":102045,"date":"2025-05-23T13:08:33","date_gmt":"2025-05-23T13:08:33","guid":{"rendered":"https:\/\/ituzaingo.gob.ar\/turismo\/?p=102045"},"modified":"2025-05-23T13:10:32","modified_gmt":"2025-05-23T13:10:32","slug":"centro-cultural","status":"publish","type":"post","link":"https:\/\/ituzaingo.gob.ar\/turismo\/centro-cultural\/","title":{"rendered":"Centro Cultural"},"content":{"rendered":"\n<h3 class=\"wp-block-heading\"><strong><strong><strong>Centro Cultural<\/strong><\/strong><\/strong><\/h3>\n\n\n\n<div class=\"acordeon-box\">\n\n  <div class=\"acordeon-item\">\n    <button class=\"acordeon-titulo\">\n      <span class=\"acordeon-icono\"><i class=\"fa-regular fa-file-lines\"><\/i><\/span> Historia\n    <\/button>\n    <div class=\"acordeon-contenido\">\n   \n    <\/div>\n  <\/div>\n\n<div class=\"acordeon-item\">\n    <button class=\"acordeon-titulo\">\n      <span class=\"acordeon-icono\" ><i class=\"fa-regular fa-images\"><\/i><\/span> Galer\u00eda de im\u00e1genes\n    <\/button>\n    <div class=\"acordeon-contenido\">\n<div id=\"metaslider-id-102047\" style=\"max-width: 700px;\" class=\"ml-slider-3-106-0 metaslider metaslider-flex metaslider-102047 ml-slider has-dots-nav ml-slider-lightbox-2-23-0 lightbox-disabled ms-theme-default-base\" role=\"region\" aria-label=\"Centro Cultural\" data-width=\"700\">\n    <div id=\"metaslider_container_102047\">\n        <div id=\"metaslider_102047\">\n            <ul class='slides'>\n                <li style=\"display: block; width: 100%;\" class=\"slide-102052 ms-image \" aria-roledescription=\"slide\" data-date=\"2025-05-23 13:07:14\" data-filename=\"centro_cultural-1-700x467.webp\" data-slide-type=\"image\"><img decoding=\"async\" src=\"https:\/\/ituzaingo.gob.ar\/turismo\/wp-content\/uploads\/2025\/05\/centro_cultural-1-700x467.webp\" width=\"700\" alt=\"\" class=\"slider-102047 slide-102052 msDefaultImage\" title=\"centro_cultural (1)\" \/><\/li>\n                <li style=\"display: none; width: 100%;\" class=\"slide-102053 ms-image \" aria-roledescription=\"slide\" data-date=\"2025-05-23 13:07:14\" data-filename=\"centro_cultural-2-700x524.webp\" data-slide-type=\"image\"><img decoding=\"async\" src=\"https:\/\/ituzaingo.gob.ar\/turismo\/wp-content\/uploads\/2025\/05\/centro_cultural-2-700x524.webp\" width=\"700\" alt=\"\" class=\"slider-102047 slide-102053 msDefaultImage\" title=\"centro_cultural (2)\" \/><\/li>\n                <li style=\"display: none; width: 100%;\" class=\"slide-102054 ms-image \" aria-roledescription=\"slide\" data-date=\"2025-05-23 13:07:14\" data-filename=\"centro_cultural-3-700x524.webp\" data-slide-type=\"image\"><img decoding=\"async\" src=\"https:\/\/ituzaingo.gob.ar\/turismo\/wp-content\/uploads\/2025\/05\/centro_cultural-3-700x524.webp\" width=\"700\" alt=\"\" class=\"slider-102047 slide-102054 msDefaultImage\" title=\"centro_cultural (3)\" \/><\/li>\n                <li style=\"display: none; width: 100%;\" class=\"slide-102055 ms-image \" aria-roledescription=\"slide\" data-date=\"2025-05-23 13:07:14\" data-filename=\"centro_cultural-4-700x524.webp\" data-slide-type=\"image\"><img decoding=\"async\" src=\"https:\/\/ituzaingo.gob.ar\/turismo\/wp-content\/uploads\/2025\/05\/centro_cultural-4-700x524.webp\" width=\"700\" alt=\"\" class=\"slider-102047 slide-102055 msDefaultImage\" title=\"centro_cultural (4)\" \/><\/li>\n            <\/ul>\n        <\/div>\n        \n    <\/div>\n<\/div>\n    <\/div>\n  <\/div>\n\n  \n<!-- Ubicaci\u00f3n -->\n  <div class=\"acordeon-item\">\n    <button class=\"acordeon-titulo\">\n      <span class=\"acordeon-icono\"><i class=\"fa-regular fa-map\"><\/i><\/span> Ubicaci\u00f3n\n    <\/button>\n    <div class=\"acordeon-contenido\"> \nCalle 3 de abril y Ant\u00e1rtida Argentina  \n      <div class=\"mapa-ubicacion\">\n<iframe src=\"https:\/\/www.google.com\/maps\/embed?pb=!1m18!1m12!1m3!1d3278.4229135881797!2d-56.6821569!3d-27.5849591!2m3!1f0!2f0!3f0!3m2!1i1024!2i768!4f13.1!3m3!1m2!1s0x94573985e6fd7a2b%3A0x8af869431d996556!2sLa%20Iglesia%20de%20Jesucristo%20de%20los%20Santos%20de%20los%20%C3%9Altimos%20D%C3%ADas!5e1!3m2!1ses-419!2sar!4v1747834971352!5m2!1ses-419!2sar\" width=\"600\" height=\"450\" style=\"border:0;\" allowfullscreen=\"\" loading=\"lazy\" referrerpolicy=\"no-referrer-when-downgrade\"><\/iframe>\n      <\/div>\n    <\/div>\n  <\/div>\n\n\n<\/div>\n\n\n\n<div class=\"encabezado-lugar\">\n  <a href=\"\/turismo\/entretenimiento\"class=\"boton-volver-full\">\u2190 Volver a Entretenimientos<\/a>\n<\/div>\n\n\n\n<p><\/p>\n","protected":false},"excerpt":{"rendered":"<p>Centro Cultural Historia Galer\u00eda de im\u00e1genes Ubicaci\u00f3n Calle 3 de abril y Ant\u00e1rtida Argentina \u2190 Volver a Entretenimientos<\/p>\n","protected":false},"author":2,"featured_media":102049,"comment_status":"closed","ping_status":"closed","sticky":false,"template":"","format":"standard","meta":{"footnotes":""},"categories":[21],"tags":[],"class_list":["post-102045","post","type-post","status-publish","format-standard","has-post-thumbnail","hentry","category-entretenimientos"],"blocksy_meta":[],"_links":{"self":[{"href":"https:\/\/ituzaingo.gob.ar\/turismo\/wp-json\/wp\/v2\/posts\/102045","targetHints":{"allow":["GET"]}}],"collection":[{"href":"https:\/\/ituzaingo.gob.ar\/turismo\/wp-json\/wp\/v2\/posts"}],"about":[{"href":"https:\/\/ituzaingo.gob.ar\/turismo\/wp-json\/wp\/v2\/types\/post"}],"author":[{"embeddable":true,"href":"https:\/\/ituzaingo.gob.ar\/turismo\/wp-json\/wp\/v2\/users\/2"}],"replies":[{"embeddable":true,"href":"https:\/\/ituzaingo.gob.ar\/turismo\/wp-json\/wp\/v2\/comments?post=102045"}],"version-history":[{"count":2,"href":"https:\/\/ituzaingo.gob.ar\/turismo\/wp-json\/wp\/v2\/posts\/102045\/revisions"}],"predecessor-version":[{"id":102059,"href":"https:\/\/ituzaingo.gob.ar\/turismo\/wp-json\/wp\/v2\/posts\/102045\/revisions\/102059"}],"wp:featuredmedia":[{"embeddable":true,"href":"https:\/\/ituzaingo.gob.ar\/turismo\/wp-json\/wp\/v2\/media\/102049"}],"wp:attachment":[{"href":"https:\/\/ituzaingo.gob.ar\/turismo\/wp-json\/wp\/v2\/media?parent=102045"}],"wp:term":[{"taxonomy":"category","embeddable":true,"href":"https:\/\/ituzaingo.gob.ar\/turismo\/wp-json\/wp\/v2\/categories?post=102045"},{"taxonomy":"post_tag","embeddable":true,"href":"https:\/\/ituzaingo.gob.ar\/turismo\/wp-json\/wp\/v2\/tags?post=102045"}],"curies":[{"name":"wp","href":"https:\/\/api.w.org\/{rel}","templated":true}]}}