{"id":102117,"date":"2025-05-23T17:11:22","date_gmt":"2025-05-23T17:11:22","guid":{"rendered":"https:\/\/ituzaingo.gob.ar\/turismo\/?p=102117"},"modified":"2025-05-23T17:12:43","modified_gmt":"2025-05-23T17:12:43","slug":"los-pioneros","status":"publish","type":"post","link":"https:\/\/ituzaingo.gob.ar\/turismo\/los-pioneros\/","title":{"rendered":"Los Pioneros"},"content":{"rendered":"\n<h3 class=\"wp-block-heading\"><strong><strong><strong><strong><strong><strong>Los Pioneros<\/strong><\/strong><\/strong><\/strong><\/strong><\/strong><\/h3>\n\n\n\n<div class=\"acordeon-box\">\n\n  <div class=\"acordeon-item\">\n    <button class=\"acordeon-titulo\">\n      <span class=\"acordeon-icono\"><i class=\"fa-regular fa-file-lines\"><\/i><\/span> Historia\n    <\/button>\n    <div class=\"acordeon-contenido\">\n   \n    <\/div>\n  <\/div>\n\n \n<div class=\"acordeon-item\">\n    <button class=\"acordeon-titulo\">\n      <span class=\"acordeon-icono\" ><i class=\"fa-regular fa-images\"><\/i><\/span> Galer\u00eda de im\u00e1genes\n    <\/button>\n    <div class=\"acordeon-contenido\">\n <div id=\"metaslider-id-102121\" style=\"max-width: 700px;\" class=\"ml-slider-3-106-0 metaslider metaslider-flex metaslider-102121 ml-slider has-dots-nav ml-slider-lightbox-2-23-0 lightbox-disabled ms-theme-default-base\" role=\"region\" aria-label=\"Los Pioneros\" data-width=\"700\">\n    <div id=\"metaslider_container_102121\">\n        <div id=\"metaslider_102121\">\n            <ul class='slides'>\n                <li style=\"display: block; width: 100%;\" class=\"slide-102125 ms-image \" aria-roledescription=\"slide\" data-date=\"2025-05-23 17:10:25\" data-filename=\"los_pioneros-1-700x524.webp\" data-slide-type=\"image\"><img decoding=\"async\" src=\"https:\/\/ituzaingo.gob.ar\/turismo\/wp-content\/uploads\/2025\/05\/los_pioneros-1-700x524.webp\" width=\"700\" alt=\"\" class=\"slider-102121 slide-102125 msDefaultImage\" title=\"los_pioneros (1)\" \/><\/li>\n                <li style=\"display: none; width: 100%;\" class=\"slide-102126 ms-image \" aria-roledescription=\"slide\" data-date=\"2025-05-23 17:10:25\" data-filename=\"los_pioneros-5-700x524.webp\" data-slide-type=\"image\"><img decoding=\"async\" src=\"https:\/\/ituzaingo.gob.ar\/turismo\/wp-content\/uploads\/2025\/05\/los_pioneros-5-700x524.webp\" width=\"700\" alt=\"\" class=\"slider-102121 slide-102126 msDefaultImage\" title=\"los_pioneros (5)\" \/><\/li>\n                <li style=\"display: none; width: 100%;\" class=\"slide-102127 ms-image \" aria-roledescription=\"slide\" data-date=\"2025-05-23 17:10:25\" data-filename=\"los_pioneros-4-700x524.webp\" data-slide-type=\"image\"><img decoding=\"async\" src=\"https:\/\/ituzaingo.gob.ar\/turismo\/wp-content\/uploads\/2025\/05\/los_pioneros-4-700x524.webp\" width=\"700\" alt=\"\" class=\"slider-102121 slide-102127 msDefaultImage\" title=\"los_pioneros (4)\" \/><\/li>\n                <li style=\"display: none; width: 100%;\" class=\"slide-102128 ms-image \" aria-roledescription=\"slide\" data-date=\"2025-05-23 17:10:25\" data-filename=\"los_pioneros-3-700x524.webp\" data-slide-type=\"image\"><img decoding=\"async\" src=\"https:\/\/ituzaingo.gob.ar\/turismo\/wp-content\/uploads\/2025\/05\/los_pioneros-3-700x524.webp\" width=\"700\" alt=\"\" class=\"slider-102121 slide-102128 msDefaultImage\" title=\"los_pioneros (3)\" \/><\/li>\n                <li style=\"display: none; width: 100%;\" class=\"slide-102129 ms-image \" aria-roledescription=\"slide\" data-date=\"2025-05-23 17:10:25\" data-filename=\"los_pioneros-2-700x525.webp\" data-slide-type=\"image\"><img decoding=\"async\" src=\"https:\/\/ituzaingo.gob.ar\/turismo\/wp-content\/uploads\/2025\/05\/los_pioneros-2-700x525.webp\" width=\"700\" alt=\"\" class=\"slider-102121 slide-102129 msDefaultImage\" title=\"los_pioneros (2)\" \/><\/li>\n            <\/ul>\n        <\/div>\n        \n    <\/div>\n<\/div>\n    <\/div>\n  <\/div>\n\n \n<!-- Ubicaci\u00f3n -->\n  <div class=\"acordeon-item\">\n    <button class=\"acordeon-titulo\">\n      <span class=\"acordeon-icono\"><i class=\"fa-regular fa-map\"><\/i><\/span> Ubicaci\u00f3n\n    <\/button>\n    <div class=\"acordeon-contenido\">  \nCalle Buenos Aires y Barrancas del Rio Paran\u00e1\n      <div class=\"mapa-ubicacion\">\n<iframe src=\"https:\/\/www.google.com\/maps\/embed?pb=!1m18!1m12!1m3!1d4268.815712433873!2d-56.677803600000004!3d-27.5741768!2m3!1f0!2f0!3f0!3m2!1i1024!2i768!4f13.1!3m3!1m2!1s0x94573899dc3950cb%3A0xa648413f33b7715d!2sPaseo%20Los%20Pioneros!5e1!3m2!1ses-419!2sar!4v1748019912584!5m2!1ses-419!2sar\" width=\"600\" height=\"450\" style=\"border:0;\" allowfullscreen=\"\" loading=\"lazy\" referrerpolicy=\"no-referrer-when-downgrade\"><\/iframe>\n    <\/div>\n  <\/div>\n\n\n<\/div>\n\n\n\n<div class=\"encabezado-lugar\">\n  <a href=\"\/turismo\/entretenimiento\"class=\"boton-volver-full\">\u2190 Volver a Entretenimientos<\/a>\n<\/div>\n\n\n\n<p><\/p>\n","protected":false},"excerpt":{"rendered":"<p>Los Pioneros Historia Galer\u00eda de im\u00e1genes Ubicaci\u00f3n Calle Buenos Aires y Barrancas del Rio Paran\u00e1 \u2190 Volver a Entretenimientos<\/p>\n","protected":false},"author":2,"featured_media":102122,"comment_status":"closed","ping_status":"closed","sticky":false,"template":"","format":"standard","meta":{"footnotes":""},"categories":[96],"tags":[],"class_list":["post-102117","post","type-post","status-publish","format-standard","has-post-thumbnail","hentry","category-paseos"],"blocksy_meta":[],"_links":{"self":[{"href":"https:\/\/ituzaingo.gob.ar\/turismo\/wp-json\/wp\/v2\/posts\/102117","targetHints":{"allow":["GET"]}}],"collection":[{"href":"https:\/\/ituzaingo.gob.ar\/turismo\/wp-json\/wp\/v2\/posts"}],"about":[{"href":"https:\/\/ituzaingo.gob.ar\/turismo\/wp-json\/wp\/v2\/types\/post"}],"author":[{"embeddable":true,"href":"https:\/\/ituzaingo.gob.ar\/turismo\/wp-json\/wp\/v2\/users\/2"}],"replies":[{"embeddable":true,"href":"https:\/\/ituzaingo.gob.ar\/turismo\/wp-json\/wp\/v2\/comments?post=102117"}],"version-history":[{"count":1,"href":"https:\/\/ituzaingo.gob.ar\/turismo\/wp-json\/wp\/v2\/posts\/102117\/revisions"}],"predecessor-version":[{"id":102130,"href":"https:\/\/ituzaingo.gob.ar\/turismo\/wp-json\/wp\/v2\/posts\/102117\/revisions\/102130"}],"wp:featuredmedia":[{"embeddable":true,"href":"https:\/\/ituzaingo.gob.ar\/turismo\/wp-json\/wp\/v2\/media\/102122"}],"wp:attachment":[{"href":"https:\/\/ituzaingo.gob.ar\/turismo\/wp-json\/wp\/v2\/media?parent=102117"}],"wp:term":[{"taxonomy":"category","embeddable":true,"href":"https:\/\/ituzaingo.gob.ar\/turismo\/wp-json\/wp\/v2\/categories?post=102117"},{"taxonomy":"post_tag","embeddable":true,"href":"https:\/\/ituzaingo.gob.ar\/turismo\/wp-json\/wp\/v2\/tags?post=102117"}],"curies":[{"name":"wp","href":"https:\/\/api.w.org\/{rel}","templated":true}]}}