{"id":102153,"date":"2025-05-23T17:27:58","date_gmt":"2025-05-23T17:27:58","guid":{"rendered":"https:\/\/ituzaingo.gob.ar\/turismo\/?p=102153"},"modified":"2025-05-23T17:27:59","modified_gmt":"2025-05-23T17:27:59","slug":"costanera-sur","status":"publish","type":"post","link":"https:\/\/ituzaingo.gob.ar\/turismo\/costanera-sur\/","title":{"rendered":"Costanera Sur"},"content":{"rendered":"\n<h3 class=\"wp-block-heading\"><strong><strong><strong><strong><strong><strong><strong><strong><strong>Costanera Sur<\/strong><\/strong><\/strong><\/strong><\/strong><\/strong><\/strong><\/strong><\/strong><\/h3>\n\n\n\n<div class=\"acordeon-box\">\n\n  <div class=\"acordeon-item\">\n    <button class=\"acordeon-titulo\">\n      <span class=\"acordeon-icono\"><i class=\"fa-regular fa-file-lines\"><\/i><\/span> Historia\n    <\/button>\n    <div class=\"acordeon-contenido\">\n   \n    <\/div>\n  <\/div>\n\n <div class=\"acordeon-item\">\n    <button class=\"acordeon-titulo\">\n      <span class=\"acordeon-icono\" ><i class=\"fa-regular fa-images\"><\/i><\/span> Galer\u00eda de im\u00e1genes\n    <\/button>\n    <div class=\"acordeon-contenido\">\n<div id=\"metaslider-id-102155\" style=\"max-width: 700px;\" class=\"ml-slider-3-106-0 metaslider metaslider-flex metaslider-102155 ml-slider has-dots-nav ml-slider-lightbox-2-23-0 lightbox-disabled ms-theme-default-base\" role=\"region\" aria-label=\"Costanera Sur\" data-width=\"700\">\n    <div id=\"metaslider_container_102155\">\n        <div id=\"metaslider_102155\">\n            <ul class='slides'>\n                <li style=\"display: block; width: 100%;\" class=\"slide-102159 ms-image \" aria-roledescription=\"slide\" data-date=\"2025-05-23 17:27:36\" data-filename=\"costanera_sur-4-700x524.webp\" data-slide-type=\"image\"><img decoding=\"async\" src=\"https:\/\/ituzaingo.gob.ar\/turismo\/wp-content\/uploads\/2025\/05\/costanera_sur-4-700x524.webp\" width=\"700\" alt=\"\" class=\"slider-102155 slide-102159 msDefaultImage\" title=\"costanera_sur (4)\" \/><\/li>\n                <li style=\"display: none; width: 100%;\" class=\"slide-102160 ms-image \" aria-roledescription=\"slide\" data-date=\"2025-05-23 17:27:36\" data-filename=\"costanera_sur-3-700x524.webp\" data-slide-type=\"image\"><img decoding=\"async\" src=\"https:\/\/ituzaingo.gob.ar\/turismo\/wp-content\/uploads\/2025\/05\/costanera_sur-3-700x524.webp\" width=\"700\" alt=\"\" class=\"slider-102155 slide-102160 msDefaultImage\" title=\"costanera_sur (3)\" \/><\/li>\n                <li style=\"display: none; width: 100%;\" class=\"slide-102161 ms-image \" aria-roledescription=\"slide\" data-date=\"2025-05-23 17:27:36\" data-filename=\"costanera_sur-2-700x525.webp\" data-slide-type=\"image\"><img decoding=\"async\" src=\"https:\/\/ituzaingo.gob.ar\/turismo\/wp-content\/uploads\/2025\/05\/costanera_sur-2-700x525.webp\" width=\"700\" alt=\"\" class=\"slider-102155 slide-102161 msDefaultImage\" title=\"costanera_sur (2)\" \/><\/li>\n                <li style=\"display: none; width: 100%;\" class=\"slide-102162 ms-image \" aria-roledescription=\"slide\" data-date=\"2025-05-23 17:27:36\" data-filename=\"costanera_sur-1-700x393.webp\" data-slide-type=\"image\"><img decoding=\"async\" src=\"https:\/\/ituzaingo.gob.ar\/turismo\/wp-content\/uploads\/2025\/05\/costanera_sur-1-700x393.webp\" width=\"700\" alt=\"\" class=\"slider-102155 slide-102162 msDefaultImage\" title=\"costanera_sur (1)\" \/><\/li>\n            <\/ul>\n        <\/div>\n        \n    <\/div>\n<\/div>\n    <\/div>\n  <\/div>\n \n\n \n<!-- Ubicaci\u00f3n -->\n  <div class=\"acordeon-item\">\n    <button class=\"acordeon-titulo\">\n      <span class=\"acordeon-icono\"><i class=\"fa-regular fa-map\"><\/i><\/span> Ubicaci\u00f3n\n    <\/button>\n    <div class=\"acordeon-contenido\">  \nCalle C\u00f3rdoba y Calle Mariano Moreno\n      <div class=\"mapa-ubicacion\">\n<iframe src=\"https:\/\/www.google.com\/maps\/embed?pb=!1m17!1m12!1m3!1d4268.304465036321!2d-56.69800299999999!3d-27.587314!2m3!1f0!2f0!3f0!3m2!1i1024!2i768!4f13.1!3m2!1m1!2zMjfCsDM1JzE0LjMiUyA1NsKwNDEnNTIuOCJX!5e1!3m2!1ses-419!2sar!4v1748021177796!5m2!1ses-419!2sar\" width=\"600\" height=\"450\" style=\"border:0;\" allowfullscreen=\"\" loading=\"lazy\" referrerpolicy=\"no-referrer-when-downgrade\"><\/iframe>\n    <\/div>\n  <\/div>\n\n\n<\/div>\n\n\n\n<div class=\"encabezado-lugar\">\n  <a href=\"\/turismo\/entretenimiento\"class=\"boton-volver-full\">\u2190 Volver a Entretenimientos<\/a>\n<\/div>\n\n\n\n<p><\/p>\n","protected":false},"excerpt":{"rendered":"<p>Costanera Sur Historia Galer\u00eda de im\u00e1genes Ubicaci\u00f3n Calle C\u00f3rdoba y Calle Mariano Moreno \u2190 Volver a Entretenimientos<\/p>\n","protected":false},"author":2,"featured_media":102156,"comment_status":"closed","ping_status":"closed","sticky":false,"template":"","format":"standard","meta":{"footnotes":""},"categories":[96],"tags":[],"class_list":["post-102153","post","type-post","status-publish","format-standard","has-post-thumbnail","hentry","category-paseos"],"blocksy_meta":[],"_links":{"self":[{"href":"https:\/\/ituzaingo.gob.ar\/turismo\/wp-json\/wp\/v2\/posts\/102153","targetHints":{"allow":["GET"]}}],"collection":[{"href":"https:\/\/ituzaingo.gob.ar\/turismo\/wp-json\/wp\/v2\/posts"}],"about":[{"href":"https:\/\/ituzaingo.gob.ar\/turismo\/wp-json\/wp\/v2\/types\/post"}],"author":[{"embeddable":true,"href":"https:\/\/ituzaingo.gob.ar\/turismo\/wp-json\/wp\/v2\/users\/2"}],"replies":[{"embeddable":true,"href":"https:\/\/ituzaingo.gob.ar\/turismo\/wp-json\/wp\/v2\/comments?post=102153"}],"version-history":[{"count":1,"href":"https:\/\/ituzaingo.gob.ar\/turismo\/wp-json\/wp\/v2\/posts\/102153\/revisions"}],"predecessor-version":[{"id":102163,"href":"https:\/\/ituzaingo.gob.ar\/turismo\/wp-json\/wp\/v2\/posts\/102153\/revisions\/102163"}],"wp:featuredmedia":[{"embeddable":true,"href":"https:\/\/ituzaingo.gob.ar\/turismo\/wp-json\/wp\/v2\/media\/102156"}],"wp:attachment":[{"href":"https:\/\/ituzaingo.gob.ar\/turismo\/wp-json\/wp\/v2\/media?parent=102153"}],"wp:term":[{"taxonomy":"category","embeddable":true,"href":"https:\/\/ituzaingo.gob.ar\/turismo\/wp-json\/wp\/v2\/categories?post=102153"},{"taxonomy":"post_tag","embeddable":true,"href":"https:\/\/ituzaingo.gob.ar\/turismo\/wp-json\/wp\/v2\/tags?post=102153"}],"curies":[{"name":"wp","href":"https:\/\/api.w.org\/{rel}","templated":true}]}}