{"id":102164,"date":"2025-05-23T17:32:06","date_gmt":"2025-05-23T17:32:06","guid":{"rendered":"https:\/\/ituzaingo.gob.ar\/turismo\/?p=102164"},"modified":"2025-05-23T17:32:08","modified_gmt":"2025-05-23T17:32:08","slug":"costanera-sur-2","status":"publish","type":"post","link":"https:\/\/ituzaingo.gob.ar\/turismo\/costanera-sur-2\/","title":{"rendered":"Bicisenda"},"content":{"rendered":"\n<h3 class=\"wp-block-heading\"><strong><strong><strong><strong><strong><strong><strong><strong><strong><strong>Bicisenda<\/strong><\/strong><\/strong><\/strong><\/strong><\/strong><\/strong><\/strong><\/strong><\/strong><\/h3>\n\n\n\n<div class=\"acordeon-box\">\n\n  <div class=\"acordeon-item\">\n    <button class=\"acordeon-titulo\">\n      <span class=\"acordeon-icono\"><i class=\"fa-regular fa-file-lines\"><\/i><\/span> Historia\n    <\/button>\n    <div class=\"acordeon-contenido\">\n   \n    <\/div>\n  <\/div>\n\n <div class=\"acordeon-item\">\n    <button class=\"acordeon-titulo\">\n      <span class=\"acordeon-icono\" ><i class=\"fa-regular fa-images\"><\/i><\/span> Galer\u00eda de im\u00e1genes\n    <\/button>\n    <div class=\"acordeon-contenido\">\n<div id=\"metaslider-id-102168\" style=\"width: 100%;\" class=\"ml-slider-3-106-0 metaslider metaslider-flex metaslider-102168 ml-slider has-dots-nav ml-slider-lightbox-2-23-0 lightbox-disabled ms-theme-default-base\" role=\"region\" aria-label=\"Bicisenda\" data-width=\"700\">\n    <div id=\"metaslider_container_102168\">\n        <div id=\"metaslider_102168\">\n            <ul class='slides'>\n                <li style=\"display: block; width: 100%;\" class=\"slide-102169 ms-image \" aria-roledescription=\"slide\" data-date=\"2025-05-23 17:31:49\" data-filename=\"bicisenda-1-700x466.webp\" data-slide-type=\"image\"><img decoding=\"async\" src=\"https:\/\/ituzaingo.gob.ar\/turismo\/wp-content\/uploads\/2025\/05\/bicisenda-1-700x466.webp\" width=\"700\" alt=\"\" class=\"slider-102168 slide-102169 msDefaultImage\" title=\"bicisenda (1)\" \/><\/li>\n                <li style=\"display: none; width: 100%;\" class=\"slide-102170 ms-image \" aria-roledescription=\"slide\" data-date=\"2025-05-23 17:31:49\" data-filename=\"bicisenda-3-700x524.webp\" data-slide-type=\"image\"><img decoding=\"async\" src=\"https:\/\/ituzaingo.gob.ar\/turismo\/wp-content\/uploads\/2025\/05\/bicisenda-3-700x524.webp\" width=\"700\" alt=\"\" class=\"slider-102168 slide-102170 msDefaultImage\" title=\"bicisenda (3)\" \/><\/li>\n                <li style=\"display: none; width: 100%;\" class=\"slide-102171 ms-image \" aria-roledescription=\"slide\" data-date=\"2025-05-23 17:31:49\" data-filename=\"bicisenda-2-700x524.webp\" data-slide-type=\"image\"><img decoding=\"async\" src=\"https:\/\/ituzaingo.gob.ar\/turismo\/wp-content\/uploads\/2025\/05\/bicisenda-2-700x524.webp\" width=\"700\" alt=\"\" class=\"slider-102168 slide-102171 msDefaultImage\" title=\"bicisenda (2)\" \/><\/li>\n            <\/ul>\n        <\/div>\n        \n    <\/div>\n<\/div>\n    <\/div>\n  <\/div>\n \n\n \n<!-- Ubicaci\u00f3n -->\n  <div class=\"acordeon-item\">\n    <button class=\"acordeon-titulo\">\n      <span class=\"acordeon-icono\"><i class=\"fa-regular fa-map\"><\/i><\/span> Ubicaci\u00f3n\n    <\/button>\n    <div class=\"acordeon-contenido\">  \nAvenida 9 de Julio\n      <div class=\"mapa-ubicacion\">\n<iframe src=\"https:\/\/www.google.com\/maps\/embed?pb=!1m18!1m12!1m3!1d4268.608780239412!2d-56.6747623!3d-27.579494899999997!2m3!1f0!2f0!3f0!3m2!1i1024!2i768!4f13.1!3m3!1m2!1s0x9457398c9ab601a1%3A0x373104ef654b0145!2sBicicenda%20EBY!5e1!3m2!1ses-419!2sar!4v1748021430939!5m2!1ses-419!2sar\" width=\"600\" height=\"450\" style=\"border:0;\" allowfullscreen=\"\" loading=\"lazy\" referrerpolicy=\"no-referrer-when-downgrade\"><\/iframe>\n    <\/div>\n  <\/div>\n\n\n<\/div>\n\n\n\n<div class=\"encabezado-lugar\">\n  <a href=\"\/turismo\/entretenimiento\"class=\"boton-volver-full\">\u2190 Volver a Entretenimientos<\/a>\n<\/div>\n\n\n\n<p><\/p>\n","protected":false},"excerpt":{"rendered":"<p>Bicisenda Historia Galer\u00eda de im\u00e1genes Ubicaci\u00f3n Avenida 9 de Julio \u2190 Volver a Entretenimientos<\/p>\n","protected":false},"author":2,"featured_media":102166,"comment_status":"closed","ping_status":"closed","sticky":false,"template":"","format":"standard","meta":{"footnotes":""},"categories":[96],"tags":[],"class_list":["post-102164","post","type-post","status-publish","format-standard","has-post-thumbnail","hentry","category-paseos"],"blocksy_meta":[],"_links":{"self":[{"href":"https:\/\/ituzaingo.gob.ar\/turismo\/wp-json\/wp\/v2\/posts\/102164","targetHints":{"allow":["GET"]}}],"collection":[{"href":"https:\/\/ituzaingo.gob.ar\/turismo\/wp-json\/wp\/v2\/posts"}],"about":[{"href":"https:\/\/ituzaingo.gob.ar\/turismo\/wp-json\/wp\/v2\/types\/post"}],"author":[{"embeddable":true,"href":"https:\/\/ituzaingo.gob.ar\/turismo\/wp-json\/wp\/v2\/users\/2"}],"replies":[{"embeddable":true,"href":"https:\/\/ituzaingo.gob.ar\/turismo\/wp-json\/wp\/v2\/comments?post=102164"}],"version-history":[{"count":1,"href":"https:\/\/ituzaingo.gob.ar\/turismo\/wp-json\/wp\/v2\/posts\/102164\/revisions"}],"predecessor-version":[{"id":102172,"href":"https:\/\/ituzaingo.gob.ar\/turismo\/wp-json\/wp\/v2\/posts\/102164\/revisions\/102172"}],"wp:featuredmedia":[{"embeddable":true,"href":"https:\/\/ituzaingo.gob.ar\/turismo\/wp-json\/wp\/v2\/media\/102166"}],"wp:attachment":[{"href":"https:\/\/ituzaingo.gob.ar\/turismo\/wp-json\/wp\/v2\/media?parent=102164"}],"wp:term":[{"taxonomy":"category","embeddable":true,"href":"https:\/\/ituzaingo.gob.ar\/turismo\/wp-json\/wp\/v2\/categories?post=102164"},{"taxonomy":"post_tag","embeddable":true,"href":"https:\/\/ituzaingo.gob.ar\/turismo\/wp-json\/wp\/v2\/tags?post=102164"}],"curies":[{"name":"wp","href":"https:\/\/api.w.org\/{rel}","templated":true}]}}