{"id":102189,"date":"2025-05-23T17:46:11","date_gmt":"2025-05-23T17:46:11","guid":{"rendered":"https:\/\/ituzaingo.gob.ar\/turismo\/?p=102189"},"modified":"2025-05-23T17:46:12","modified_gmt":"2025-05-23T17:46:12","slug":"plaza-centenario","status":"publish","type":"post","link":"https:\/\/ituzaingo.gob.ar\/turismo\/plaza-centenario\/","title":{"rendered":"Plaza Centenario"},"content":{"rendered":"\n<h3 class=\"wp-block-heading\"><strong><strong><strong><strong><strong><strong><strong><strong><strong>Plaza Centenario<\/strong><\/strong><\/strong><\/strong><\/strong><\/strong><\/strong><\/strong><\/strong><\/h3>\n\n\n\n<div class=\"acordeon-box\">\n\n  <div class=\"acordeon-item\">\n    <button class=\"acordeon-titulo\">\n      <span class=\"acordeon-icono\"><i class=\"fa-regular fa-file-lines\"><\/i><\/span> Historia\n    <\/button>\n    <div class=\"acordeon-contenido\">\n   \n    <\/div>\n  <\/div>\n\n \n  <div class=\"acordeon-item\">\n    <button class=\"acordeon-titulo\">\n      <span class=\"acordeon-icono\" ><i class=\"fa-regular fa-images\"><\/i><\/span> Galer\u00eda de im\u00e1genes\n    <\/button>\n    <div class=\"acordeon-contenido\">\n<div id=\"metaslider-id-102192\" style=\"max-width: 700px;\" class=\"ml-slider-3-106-0 metaslider metaslider-flex metaslider-102192 ml-slider has-dots-nav ml-slider-lightbox-2-23-0 lightbox-disabled ms-theme-default-base\" role=\"region\" aria-label=\"Plaza Centenario\" data-width=\"700\">\n    <div id=\"metaslider_container_102192\">\n        <div id=\"metaslider_102192\">\n            <ul class='slides'>\n                <li style=\"display: block; width: 100%;\" class=\"slide-102195 ms-image \" aria-roledescription=\"slide\" data-date=\"2025-05-23 17:45:55\" data-filename=\"plaza_centenario-1-700x466.webp\" data-slide-type=\"image\"><img decoding=\"async\" src=\"https:\/\/ituzaingo.gob.ar\/turismo\/wp-content\/uploads\/2025\/05\/plaza_centenario-1-700x466.webp\" width=\"700\" alt=\"\" class=\"slider-102192 slide-102195 msDefaultImage\" title=\"plaza_centenario (1)\" \/><\/li>\n                <li style=\"display: none; width: 100%;\" class=\"slide-102196 ms-image \" aria-roledescription=\"slide\" data-date=\"2025-05-23 17:45:55\" data-filename=\"plaza_centenario-4-700x315.webp\" data-slide-type=\"image\"><img decoding=\"async\" src=\"https:\/\/ituzaingo.gob.ar\/turismo\/wp-content\/uploads\/2025\/05\/plaza_centenario-4-700x315.webp\" width=\"700\" alt=\"\" class=\"slider-102192 slide-102196 msDefaultImage\" title=\"plaza_centenario (4)\" \/><\/li>\n                <li style=\"display: none; width: 100%;\" class=\"slide-102197 ms-image \" aria-roledescription=\"slide\" data-date=\"2025-05-23 17:45:55\" data-filename=\"plaza_centenario-3-700x524.webp\" data-slide-type=\"image\"><img decoding=\"async\" src=\"https:\/\/ituzaingo.gob.ar\/turismo\/wp-content\/uploads\/2025\/05\/plaza_centenario-3-700x524.webp\" width=\"700\" alt=\"\" class=\"slider-102192 slide-102197 msDefaultImage\" title=\"plaza_centenario (3)\" \/><\/li>\n                <li style=\"display: none; width: 100%;\" class=\"slide-102198 ms-image \" aria-roledescription=\"slide\" data-date=\"2025-05-23 17:45:55\" data-filename=\"plaza_centenario-2-700x524.webp\" data-slide-type=\"image\"><img decoding=\"async\" src=\"https:\/\/ituzaingo.gob.ar\/turismo\/wp-content\/uploads\/2025\/05\/plaza_centenario-2-700x524.webp\" width=\"700\" alt=\"\" class=\"slider-102192 slide-102198 msDefaultImage\" title=\"plaza_centenario (2)\" \/><\/li>\n            <\/ul>\n        <\/div>\n        \n    <\/div>\n<\/div>\n    <\/div>\n  <\/div>\n \n\n\n<!-- Ubicaci\u00f3n -->\n  <div class=\"acordeon-item\">\n    <button class=\"acordeon-titulo\">\n      <span class=\"acordeon-icono\"><i class=\"fa-regular fa-map\"><\/i><\/span> Ubicaci\u00f3n\n    <\/button>\n    <div class=\"acordeon-contenido\">  \nCentenario 1680 \n      <div class=\"mapa-ubicacion\">\n<iframe src=\"https:\/\/www.google.com\/maps\/embed?pb=!1m18!1m12!1m3!1d4268.2087261727165!2d-56.6893713!3d-27.589773500000003!2m3!1f0!2f0!3f0!3m2!1i1024!2i768!4f13.1!3m3!1m2!1s0x94573933e4f85b4b%3A0xa1c6077895eb1f03!2sPlaza%20Centenario!5e1!3m2!1ses-419!2sar!4v1748022291298!5m2!1ses-419!2sar\" width=\"600\" height=\"450\" style=\"border:0;\" allowfullscreen=\"\" loading=\"lazy\" referrerpolicy=\"no-referrer-when-downgrade\"><\/iframe>\n    <\/div>\n  <\/div>\n\n\n<\/div>\n\n\n\n<div class=\"encabezado-lugar\">\n  <a href=\"\/turismo\/entretenimiento\"class=\"boton-volver-full\">\u2190 Volver a Entretenimientos<\/a>\n<\/div>\n\n\n\n<p><\/p>\n","protected":false},"excerpt":{"rendered":"<p>Plaza Centenario Historia Galer\u00eda de im\u00e1genes Ubicaci\u00f3n Centenario 1680 \u2190 Volver a Entretenimientos<\/p>\n","protected":false},"author":2,"featured_media":102190,"comment_status":"closed","ping_status":"closed","sticky":false,"template":"","format":"standard","meta":{"footnotes":""},"categories":[103],"tags":[],"class_list":["post-102189","post","type-post","status-publish","format-standard","has-post-thumbnail","hentry","category-plazas"],"blocksy_meta":[],"_links":{"self":[{"href":"https:\/\/ituzaingo.gob.ar\/turismo\/wp-json\/wp\/v2\/posts\/102189","targetHints":{"allow":["GET"]}}],"collection":[{"href":"https:\/\/ituzaingo.gob.ar\/turismo\/wp-json\/wp\/v2\/posts"}],"about":[{"href":"https:\/\/ituzaingo.gob.ar\/turismo\/wp-json\/wp\/v2\/types\/post"}],"author":[{"embeddable":true,"href":"https:\/\/ituzaingo.gob.ar\/turismo\/wp-json\/wp\/v2\/users\/2"}],"replies":[{"embeddable":true,"href":"https:\/\/ituzaingo.gob.ar\/turismo\/wp-json\/wp\/v2\/comments?post=102189"}],"version-history":[{"count":1,"href":"https:\/\/ituzaingo.gob.ar\/turismo\/wp-json\/wp\/v2\/posts\/102189\/revisions"}],"predecessor-version":[{"id":102199,"href":"https:\/\/ituzaingo.gob.ar\/turismo\/wp-json\/wp\/v2\/posts\/102189\/revisions\/102199"}],"wp:featuredmedia":[{"embeddable":true,"href":"https:\/\/ituzaingo.gob.ar\/turismo\/wp-json\/wp\/v2\/media\/102190"}],"wp:attachment":[{"href":"https:\/\/ituzaingo.gob.ar\/turismo\/wp-json\/wp\/v2\/media?parent=102189"}],"wp:term":[{"taxonomy":"category","embeddable":true,"href":"https:\/\/ituzaingo.gob.ar\/turismo\/wp-json\/wp\/v2\/categories?post=102189"},{"taxonomy":"post_tag","embeddable":true,"href":"https:\/\/ituzaingo.gob.ar\/turismo\/wp-json\/wp\/v2\/tags?post=102189"}],"curies":[{"name":"wp","href":"https:\/\/api.w.org\/{rel}","templated":true}]}}