{"id":102200,"date":"2025-05-23T17:47:51","date_gmt":"2025-05-23T17:47:51","guid":{"rendered":"https:\/\/ituzaingo.gob.ar\/turismo\/?p=102200"},"modified":"2025-05-23T17:48:38","modified_gmt":"2025-05-23T17:48:38","slug":"plaza-eby","status":"publish","type":"post","link":"https:\/\/ituzaingo.gob.ar\/turismo\/plaza-eby\/","title":{"rendered":"Plaza EBY"},"content":{"rendered":"\n<h3 class=\"wp-block-heading\"><strong><strong><strong><strong><strong><strong><strong><strong><strong><strong>Plaza EBY<\/strong><\/strong><\/strong><\/strong><\/strong><\/strong><\/strong><\/strong><\/strong><\/strong><\/h3>\n\n\n\n<div class=\"acordeon-box\">\n\n  <div class=\"acordeon-item\">\n    <button class=\"acordeon-titulo\">\n      <span class=\"acordeon-icono\"><i class=\"fa-regular fa-file-lines\"><\/i><\/span> Historia\n    <\/button>\n    <div class=\"acordeon-contenido\">\n   \n    <\/div>\n  <\/div>\n\n \n  <div class=\"acordeon-item\">\n    <button class=\"acordeon-titulo\">\n      <span class=\"acordeon-icono\" ><i class=\"fa-regular fa-images\"><\/i><\/span> Galer\u00eda de im\u00e1genes\n    <\/button>\n    <div class=\"acordeon-contenido\">\n<div id=\"metaslider-id-102204\" style=\"max-width: 700px;\" class=\"ml-slider-3-106-0 metaslider metaslider-flex metaslider-102204 ml-slider has-dots-nav ml-slider-lightbox-2-23-0 lightbox-disabled ms-theme-default-base\" role=\"region\" aria-label=\"Plaza EBY\" data-width=\"700\">\n    <div id=\"metaslider_container_102204\">\n        <div id=\"metaslider_102204\">\n            <ul class='slides'>\n                <li style=\"display: block; width: 100%;\" class=\"slide-102205 ms-image \" aria-roledescription=\"slide\" data-date=\"2025-05-23 17:47:42\" data-filename=\"plaza_eby-2-700x524.webp\" data-slide-type=\"image\"><img decoding=\"async\" src=\"https:\/\/ituzaingo.gob.ar\/turismo\/wp-content\/uploads\/2025\/05\/plaza_eby-2-700x524.webp\" width=\"700\" alt=\"\" class=\"slider-102204 slide-102205 msDefaultImage\" title=\"plaza_eby (2)\" \/><\/li>\n                <li style=\"display: none; width: 100%;\" class=\"slide-102206 ms-image \" aria-roledescription=\"slide\" data-date=\"2025-05-23 17:47:42\" data-filename=\"plaza_eby-1-700x525.webp\" data-slide-type=\"image\"><img decoding=\"async\" src=\"https:\/\/ituzaingo.gob.ar\/turismo\/wp-content\/uploads\/2025\/05\/plaza_eby-1-700x525.webp\" width=\"700\" alt=\"\" class=\"slider-102204 slide-102206 msDefaultImage\" title=\"plaza_eby (1)\" \/><\/li>\n                <li style=\"display: none; width: 100%;\" class=\"slide-102207 ms-image \" aria-roledescription=\"slide\" data-date=\"2025-05-23 17:47:42\" data-filename=\"plaza_eby-3-700x524.webp\" data-slide-type=\"image\"><img decoding=\"async\" src=\"https:\/\/ituzaingo.gob.ar\/turismo\/wp-content\/uploads\/2025\/05\/plaza_eby-3-700x524.webp\" width=\"700\" alt=\"\" class=\"slider-102204 slide-102207 msDefaultImage\" title=\"plaza_eby (3)\" \/><\/li>\n            <\/ul>\n        <\/div>\n        \n    <\/div>\n<\/div>\n    <\/div>\n  <\/div>\n \n\n\n<!-- Ubicaci\u00f3n -->\n  <div class=\"acordeon-item\">\n    <button class=\"acordeon-titulo\">\n      <span class=\"acordeon-icono\"><i class=\"fa-regular fa-map\"><\/i><\/span> Ubicaci\u00f3n\n    <\/button>\n    <div class=\"acordeon-contenido\">  \nBuenos Aires y Tranquera de Loreto  \n      <div class=\"mapa-ubicacion\">\n<iframe src=\"https:\/\/www.google.com\/maps\/embed?pb=!1m17!1m12!1m3!1d4268.745124365244!2d-56.678692!3d-27.575991!2m3!1f0!2f0!3f0!3m2!1i1024!2i768!4f13.1!3m2!1m1!2zMjfCsDM0JzMzLjYiUyA1NsKwNDAnNDMuMyJX!5e1!3m2!1ses-419!2sar!4v1748022507375!5m2!1ses-419!2sar\" width=\"600\" height=\"450\" style=\"border:0;\" allowfullscreen=\"\" loading=\"lazy\" referrerpolicy=\"no-referrer-when-downgrade\"><\/iframe>\n    <\/div>\n  <\/div>\n\n\n<\/div>\n\n\n\n<div class=\"encabezado-lugar\">\n  <a href=\"\/turismo\/entretenimiento\"class=\"boton-volver-full\">\u2190 Volver a Entretenimientos<\/a>\n<\/div>\n\n\n\n<p><\/p>\n","protected":false},"excerpt":{"rendered":"<p>Plaza EBY Historia Galer\u00eda de im\u00e1genes Ubicaci\u00f3n Buenos Aires y Tranquera de Loreto \u2190 Volver a Entretenimientos<\/p>\n","protected":false},"author":2,"featured_media":102201,"comment_status":"closed","ping_status":"closed","sticky":false,"template":"","format":"standard","meta":{"footnotes":""},"categories":[103],"tags":[],"class_list":["post-102200","post","type-post","status-publish","format-standard","has-post-thumbnail","hentry","category-plazas"],"blocksy_meta":[],"_links":{"self":[{"href":"https:\/\/ituzaingo.gob.ar\/turismo\/wp-json\/wp\/v2\/posts\/102200","targetHints":{"allow":["GET"]}}],"collection":[{"href":"https:\/\/ituzaingo.gob.ar\/turismo\/wp-json\/wp\/v2\/posts"}],"about":[{"href":"https:\/\/ituzaingo.gob.ar\/turismo\/wp-json\/wp\/v2\/types\/post"}],"author":[{"embeddable":true,"href":"https:\/\/ituzaingo.gob.ar\/turismo\/wp-json\/wp\/v2\/users\/2"}],"replies":[{"embeddable":true,"href":"https:\/\/ituzaingo.gob.ar\/turismo\/wp-json\/wp\/v2\/comments?post=102200"}],"version-history":[{"count":3,"href":"https:\/\/ituzaingo.gob.ar\/turismo\/wp-json\/wp\/v2\/posts\/102200\/revisions"}],"predecessor-version":[{"id":102580,"href":"https:\/\/ituzaingo.gob.ar\/turismo\/wp-json\/wp\/v2\/posts\/102200\/revisions\/102580"}],"wp:featuredmedia":[{"embeddable":true,"href":"https:\/\/ituzaingo.gob.ar\/turismo\/wp-json\/wp\/v2\/media\/102201"}],"wp:attachment":[{"href":"https:\/\/ituzaingo.gob.ar\/turismo\/wp-json\/wp\/v2\/media?parent=102200"}],"wp:term":[{"taxonomy":"category","embeddable":true,"href":"https:\/\/ituzaingo.gob.ar\/turismo\/wp-json\/wp\/v2\/categories?post=102200"},{"taxonomy":"post_tag","embeddable":true,"href":"https:\/\/ituzaingo.gob.ar\/turismo\/wp-json\/wp\/v2\/tags?post=102200"}],"curies":[{"name":"wp","href":"https:\/\/api.w.org\/{rel}","templated":true}]}}