{"id":102268,"date":"2025-05-23T20:16:46","date_gmt":"2025-05-23T20:16:46","guid":{"rendered":"https:\/\/ituzaingo.gob.ar\/turismo\/?p=102268"},"modified":"2025-05-23T20:24:22","modified_gmt":"2025-05-23T20:24:22","slug":"abril-semana-santa","status":"publish","type":"post","link":"https:\/\/ituzaingo.gob.ar\/turismo\/abril-semana-santa\/","title":{"rendered":"Abril: Semana Santa"},"content":{"rendered":"\n<p>Durante la Semana Santa, la ciudad de Ituzaing\u00f3 se transforma en un destino imperdible para quienes desean vivir una experiencia \u00fanica que fusiona fe, tradici\u00f3n y belleza natural <img loading=\"lazy\" decoding=\"async\" width=\"17\" height=\"17\" src=\"https:\/\/lh7-rt.googleusercontent.com\/docsz\/AD_4nXcjMarlNxaKeqDBsOCr-pbVPLujqUDD-mHOZ2Dal-P8E5oAKcQB2H8B1km47VNoSxrqPzm7J_TEMvjlmVW0QGo05j0-JEGSFaqrxgabc0bVW6Ef44ZNECwv4I-B-rwDtJxJWzcd?key=0ooiOnvaBXhG9XcfEBiLVA\" alt=\"&#x1f33f;\"><img loading=\"lazy\" decoding=\"async\" width=\"17\" height=\"17\" src=\"https:\/\/lh7-rt.googleusercontent.com\/docsz\/AD_4nXf9ZY8mudBuMfC11rr0MFkQXFdT_yNPjKVxHNlLStmCWL69h1d9wJgRlignGck8SQca48-rTJ3pfOId9tXBYRMovU0v5dzZU3TIDR2EEBQoB6G8ckXpBuPISWJK_dswFCImBxQL?key=0ooiOnvaBXhG9XcfEBiLVA\" alt=\"&#x26ea;\">. Ubicada a orillas del majestuoso r\u00edo Paran\u00e1, ofrece un entorno perfecto para la reflexi\u00f3n espiritual y el disfrute cultural en familia.<\/p>\n\n\n\n<p>Las principales iglesias y capillas, como la Parroquia San Juan Bautista, organizan una intensa agenda de actividades lit\u00fargicas, incluyendo Misas y celebraciones especiales que siguen el calendario cat\u00f3lico.<\/p>\n\n\n\n<p class=\"has-medium-font-size\"><strong>La ciudad presenta una variedad propuesta cultural y recreativa para todas las edades:<\/strong><\/p>\n\n\n\n<ul class=\"wp-block-list\">\n<li><strong> Circuito Tur\u00edstico Religioso de las 7 Iglesias<\/strong><\/li>\n<\/ul>\n\n\n\n<p>Una emotiva tradici\u00f3n del Jueves Santo, donde los fieles recorren siete templos hist\u00f3ricos, reviviendo los momentos m\u00e1s significativos de la Pasi\u00f3n de Cristo. Est\u00e1 actividad es organizada por la Secretaria de Turismo, y es gratuita, con inscripci\u00f3n previa.<\/p>\n\n\n\n<ul class=\"wp-block-list\">\n<li><strong> Regata Posadas\u2013Corrientes \u2013 Copa Ituzaing\u00f3<\/strong><\/li>\n<\/ul>\n\n\n\n<p>Una competencia de vela con embarcaciones de toda la regi\u00f3n, presentan un espect\u00e1culo n\u00e1utico inigualable sobre el r\u00edo Paran\u00e1 <img loading=\"lazy\" decoding=\"async\" alt=\"&#x1f6a4;\" src=\"https:\/\/lh7-rt.googleusercontent.com\/docsz\/AD_4nXe0B-bPeIXNYOfTEwnFU_HhN3CGhLe45FOED-FI02wKmLmN0Me2OuZQSDA9Fov3HAgCNY3HTjo3q23hW7SttJVRP30fO0056nVjYpdy0kAnLmKbafviuPmIAyAS4gV3MpWIpX_AFA?key=0ooiOnvaBXhG9XcfEBiLVA\" width=\"17\" height=\"17\"> que combina deporte, adrenalina y paisaje.<\/p>\n\n\n\n<ul class=\"wp-block-list\">\n<li><strong> Feria Gastron\u00f3mica de Vigilia y Feria Comercial<\/strong><\/li>\n<\/ul>\n\n\n\n<p>En la Costanera Paranagu\u00e1, desde el d\u00eda jueves, locales y visitantes disfrutan de los sabores t\u00edpicos de la regi\u00f3n: roscas de Pascua, huevos de chocolate, chip\u00e1, empanadas de pescado, entre muchas otras delicias <img loading=\"lazy\" decoding=\"async\" alt=\"&#x1f60b;\" src=\"https:\/\/lh7-rt.googleusercontent.com\/docsz\/AD_4nXcP_FDmw0fayQJPLZHAkdL6mMee3OO8RLfZzi_bMjsUSeQx0zkU51ZQnEoijKeU44YwO3Ovu-GyXs2RSEbQ3jLbolwZqjwaHwNpT4_YDexod7E-RpJ1xnSgzdaAppNvppG1RpVC2Q?key=0ooiOnvaBXhG9XcfEBiLVA\" width=\"17\" height=\"17\">. Adem\u00e1s, una variada muestra de emprendimientos ofrece artesan\u00edas, productos regionales y art\u00edculos \u00fanicos.<\/p>\n\n\n\n<ul class=\"wp-block-list\">\n<li><strong> Noche de Pascuas y Festival Ku\u00f1\u00e1 Por\u00e3<\/strong><\/li>\n<\/ul>\n\n\n\n<p>El domingo, se realiza el gran cierre de la feria con un festival de m\u00fasica en vivo, espect\u00e1culos, sorteos, bingo y concursos de sapucay <img loading=\"lazy\" decoding=\"async\" alt=\"&#x1f941;\" src=\"https:\/\/lh7-rt.googleusercontent.com\/docsz\/AD_4nXcVDEWakYBys3JXJ1rtoD_fWNPC2ik8L6lVxHk6P8xH9uZbVw_KPNVgcKhpx8JIcEJlqn3EmKXXV9zePGg9tqHro0hoqJNUMwsYY_sbHUv-dvBSsaZ9DqbStc7mvFBkF_P4F-SBAw?key=0ooiOnvaBXhG9XcfEBiLVA\" width=\"17\" height=\"17\"><img loading=\"lazy\" decoding=\"async\" alt=\"&#x1f3a4;\" src=\"https:\/\/lh7-rt.googleusercontent.com\/docsz\/AD_4nXdajgnNYcN8Mk9SwCKvyTVXzRLpLUpeWspob9ltFshN3iQIK7a2VHJeX6MKcyGkg8-brD6t_AZEiSOJzHXf6FyNtVw1I6yXTAelC3p8Sv_gUWddcO6IOthwQGTDXDfl3hV7px8sZw?key=0ooiOnvaBXhG9XcfEBiLVA\" width=\"17\" height=\"17\">. Una fiesta popular que celebra la identidad cultural correntina y la alegr\u00eda de compartir en comunidad.<\/p>\n\n\n\n<p class=\"has-medium-font-size\"><strong><\/strong><strong> Ven\u00ed a vivir la Semana Santa en Ituzaing\u00f3<\/strong><\/p>\n\n\n\n<p>Un destino donde la espiritualidad se encuentra con la naturaleza, y la tradici\u00f3n con la diversi\u00f3n.<\/p>\n\n\n<div id=\"metaslider-id-102281\" style=\"max-width: 700px;\" class=\"ml-slider-3-106-0 metaslider metaslider-flex metaslider-102281 ml-slider has-dots-onhover-navigation ml-slider-lightbox-2-23-0 lightbox-disabled ms-theme-default-base\" role=\"region\" aria-label=\"Semana Santa\" data-width=\"700\">\n    <div id=\"metaslider_container_102281\">\n        <div id=\"metaslider_102281\">\n            <ul class='slides'>\n                <li style=\"display: block; width: 100%;\" class=\"slide-102300 ms-image \" aria-roledescription=\"slide\" data-date=\"2025-05-23 20:22:23\" data-filename=\"semana_santa_itu-27-700x467.webp\" data-slide-type=\"image\"><img decoding=\"async\" src=\"https:\/\/ituzaingo.gob.ar\/turismo\/wp-content\/uploads\/2025\/05\/semana_santa_itu-27-700x467.webp\" width=\"700\" alt=\"\" class=\"slider-102281 slide-102300 msDefaultImage\" title=\"semana_santa_itu (27)\" \/><\/li>\n                <li style=\"display: none; width: 100%;\" class=\"slide-102301 ms-image \" aria-roledescription=\"slide\" data-date=\"2025-05-23 20:22:23\" data-filename=\"semana_santa_itu-26-700x471.webp\" data-slide-type=\"image\"><img decoding=\"async\" src=\"https:\/\/ituzaingo.gob.ar\/turismo\/wp-content\/uploads\/2025\/05\/semana_santa_itu-26-700x471.webp\" width=\"700\" alt=\"\" class=\"slider-102281 slide-102301 msDefaultImage\" title=\"semana_santa_itu (26)\" \/><\/li>\n                <li style=\"display: none; width: 100%;\" class=\"slide-102302 ms-image \" aria-roledescription=\"slide\" data-date=\"2025-05-23 20:22:23\" data-filename=\"semana_santa_itu-25-700x466.webp\" data-slide-type=\"image\"><img decoding=\"async\" src=\"https:\/\/ituzaingo.gob.ar\/turismo\/wp-content\/uploads\/2025\/05\/semana_santa_itu-25-700x466.webp\" width=\"700\" alt=\"\" class=\"slider-102281 slide-102302 msDefaultImage\" title=\"semana_santa_itu (25)\" \/><\/li>\n                <li style=\"display: none; width: 100%;\" class=\"slide-102303 ms-image \" aria-roledescription=\"slide\" data-date=\"2025-05-23 20:22:23\" data-filename=\"semana_santa_itu-24-700x466.webp\" data-slide-type=\"image\"><img decoding=\"async\" src=\"https:\/\/ituzaingo.gob.ar\/turismo\/wp-content\/uploads\/2025\/05\/semana_santa_itu-24-700x466.webp\" width=\"700\" alt=\"\" class=\"slider-102281 slide-102303 msDefaultImage\" title=\"semana_santa_itu (24)\" \/><\/li>\n                <li style=\"display: none; width: 100%;\" class=\"slide-102304 ms-image \" aria-roledescription=\"slide\" data-date=\"2025-05-23 20:22:23\" data-filename=\"semana_santa_itu-23-700x466.webp\" data-slide-type=\"image\"><img decoding=\"async\" src=\"https:\/\/ituzaingo.gob.ar\/turismo\/wp-content\/uploads\/2025\/05\/semana_santa_itu-23-700x466.webp\" width=\"700\" alt=\"\" class=\"slider-102281 slide-102304 msDefaultImage\" title=\"semana_santa_itu (23)\" \/><\/li>\n                <li style=\"display: none; width: 100%;\" class=\"slide-102305 ms-image \" aria-roledescription=\"slide\" data-date=\"2025-05-23 20:22:23\" data-filename=\"semana_santa_itu-22-700x467.webp\" data-slide-type=\"image\"><img decoding=\"async\" src=\"https:\/\/ituzaingo.gob.ar\/turismo\/wp-content\/uploads\/2025\/05\/semana_santa_itu-22-700x467.webp\" width=\"700\" alt=\"\" class=\"slider-102281 slide-102305 msDefaultImage\" title=\"semana_santa_itu (22)\" \/><\/li>\n                <li style=\"display: none; width: 100%;\" class=\"slide-102306 ms-image \" aria-roledescription=\"slide\" data-date=\"2025-05-23 20:22:23\" data-filename=\"semana_santa_itu-21-700x466.webp\" data-slide-type=\"image\"><img decoding=\"async\" src=\"https:\/\/ituzaingo.gob.ar\/turismo\/wp-content\/uploads\/2025\/05\/semana_santa_itu-21-700x466.webp\" width=\"700\" alt=\"\" class=\"slider-102281 slide-102306 msDefaultImage\" title=\"semana_santa_itu (21)\" \/><\/li>\n                <li style=\"display: none; width: 100%;\" class=\"slide-102307 ms-image \" aria-roledescription=\"slide\" data-date=\"2025-05-23 20:22:23\" data-filename=\"semana_santa_itu-20-700x466.webp\" data-slide-type=\"image\"><img decoding=\"async\" src=\"https:\/\/ituzaingo.gob.ar\/turismo\/wp-content\/uploads\/2025\/05\/semana_santa_itu-20-700x466.webp\" width=\"700\" alt=\"\" class=\"slider-102281 slide-102307 msDefaultImage\" title=\"semana_santa_itu (20)\" \/><\/li>\n                <li style=\"display: none; width: 100%;\" class=\"slide-102308 ms-image \" aria-roledescription=\"slide\" data-date=\"2025-05-23 20:22:23\" data-filename=\"semana_santa_itu-19-700x466.webp\" data-slide-type=\"image\"><img decoding=\"async\" src=\"https:\/\/ituzaingo.gob.ar\/turismo\/wp-content\/uploads\/2025\/05\/semana_santa_itu-19-700x466.webp\" width=\"700\" alt=\"\" class=\"slider-102281 slide-102308 msDefaultImage\" title=\"semana_santa_itu (19)\" \/><\/li>\n                <li style=\"display: none; width: 100%;\" class=\"slide-102309 ms-image \" aria-roledescription=\"slide\" data-date=\"2025-05-23 20:22:24\" data-filename=\"semana_santa_itu-18-700x467.webp\" data-slide-type=\"image\"><img decoding=\"async\" src=\"https:\/\/ituzaingo.gob.ar\/turismo\/wp-content\/uploads\/2025\/05\/semana_santa_itu-18-700x467.webp\" width=\"700\" alt=\"\" class=\"slider-102281 slide-102309 msDefaultImage\" title=\"semana_santa_itu (18)\" \/><\/li>\n                <li style=\"display: none; width: 100%;\" class=\"slide-102310 ms-image \" aria-roledescription=\"slide\" data-date=\"2025-05-23 20:22:24\" data-filename=\"semana_santa_itu-17-700x466.webp\" data-slide-type=\"image\"><img decoding=\"async\" src=\"https:\/\/ituzaingo.gob.ar\/turismo\/wp-content\/uploads\/2025\/05\/semana_santa_itu-17-700x466.webp\" width=\"700\" alt=\"\" class=\"slider-102281 slide-102310 msDefaultImage\" title=\"semana_santa_itu (17)\" \/><\/li>\n                <li style=\"display: none; width: 100%;\" class=\"slide-102311 ms-image \" aria-roledescription=\"slide\" data-date=\"2025-05-23 20:22:24\" data-filename=\"semana_santa_itu-16-700x366.webp\" data-slide-type=\"image\"><img decoding=\"async\" src=\"https:\/\/ituzaingo.gob.ar\/turismo\/wp-content\/uploads\/2025\/05\/semana_santa_itu-16-700x366.webp\" width=\"700\" alt=\"\" class=\"slider-102281 slide-102311 msDefaultImage\" title=\"semana_santa_itu (16)\" \/><\/li>\n                <li style=\"display: none; width: 100%;\" class=\"slide-102312 ms-image \" aria-roledescription=\"slide\" data-date=\"2025-05-23 20:22:24\" data-filename=\"semana_santa_itu-15-700x366.webp\" data-slide-type=\"image\"><img decoding=\"async\" src=\"https:\/\/ituzaingo.gob.ar\/turismo\/wp-content\/uploads\/2025\/05\/semana_santa_itu-15-700x366.webp\" width=\"700\" alt=\"\" class=\"slider-102281 slide-102312 msDefaultImage\" title=\"semana_santa_itu (15)\" \/><\/li>\n                <li style=\"display: none; width: 100%;\" class=\"slide-102313 ms-image \" aria-roledescription=\"slide\" data-date=\"2025-05-23 20:22:24\" data-filename=\"semana_santa_itu-14-700x466.webp\" data-slide-type=\"image\"><img decoding=\"async\" src=\"https:\/\/ituzaingo.gob.ar\/turismo\/wp-content\/uploads\/2025\/05\/semana_santa_itu-14-700x466.webp\" width=\"700\" alt=\"\" class=\"slider-102281 slide-102313 msDefaultImage\" title=\"semana_santa_itu (14)\" \/><\/li>\n                <li style=\"display: none; width: 100%;\" class=\"slide-102314 ms-image \" aria-roledescription=\"slide\" data-date=\"2025-05-23 20:22:24\" data-filename=\"semana_santa_itu-13-700x366.webp\" data-slide-type=\"image\"><img decoding=\"async\" src=\"https:\/\/ituzaingo.gob.ar\/turismo\/wp-content\/uploads\/2025\/05\/semana_santa_itu-13-700x366.webp\" width=\"700\" alt=\"\" class=\"slider-102281 slide-102314 msDefaultImage\" title=\"semana_santa_itu (13)\" \/><\/li>\n                <li style=\"display: none; width: 100%;\" class=\"slide-102315 ms-image \" aria-roledescription=\"slide\" data-date=\"2025-05-23 20:22:24\" data-filename=\"semana_santa_itu-12-700x366.webp\" data-slide-type=\"image\"><img decoding=\"async\" src=\"https:\/\/ituzaingo.gob.ar\/turismo\/wp-content\/uploads\/2025\/05\/semana_santa_itu-12-700x366.webp\" width=\"700\" alt=\"\" class=\"slider-102281 slide-102315 msDefaultImage\" title=\"semana_santa_itu (12)\" \/><\/li>\n                <li style=\"display: none; width: 100%;\" class=\"slide-102316 ms-image \" aria-roledescription=\"slide\" data-date=\"2025-05-23 20:22:24\" data-filename=\"semana_santa_itu-11-700x366.webp\" data-slide-type=\"image\"><img decoding=\"async\" src=\"https:\/\/ituzaingo.gob.ar\/turismo\/wp-content\/uploads\/2025\/05\/semana_santa_itu-11-700x366.webp\" width=\"700\" alt=\"\" class=\"slider-102281 slide-102316 msDefaultImage\" title=\"semana_santa_itu (11)\" \/><\/li>\n                <li style=\"display: none; width: 100%;\" class=\"slide-102317 ms-image \" aria-roledescription=\"slide\" data-date=\"2025-05-23 20:22:25\" data-filename=\"semana_santa_itu-10-700x366.webp\" data-slide-type=\"image\"><img decoding=\"async\" src=\"https:\/\/ituzaingo.gob.ar\/turismo\/wp-content\/uploads\/2025\/05\/semana_santa_itu-10-700x366.webp\" width=\"700\" alt=\"\" class=\"slider-102281 slide-102317 msDefaultImage\" title=\"semana_santa_itu (10)\" \/><\/li>\n                <li style=\"display: none; width: 100%;\" class=\"slide-102318 ms-image \" aria-roledescription=\"slide\" data-date=\"2025-05-23 20:22:25\" data-filename=\"semana_santa_itu-9-700x366.webp\" data-slide-type=\"image\"><img decoding=\"async\" src=\"https:\/\/ituzaingo.gob.ar\/turismo\/wp-content\/uploads\/2025\/05\/semana_santa_itu-9-700x366.webp\" width=\"700\" alt=\"\" class=\"slider-102281 slide-102318 msDefaultImage\" title=\"semana_santa_itu (9)\" \/><\/li>\n                <li style=\"display: none; width: 100%;\" class=\"slide-102319 ms-image \" aria-roledescription=\"slide\" data-date=\"2025-05-23 20:22:25\" data-filename=\"semana_santa_itu-8-700x366.webp\" data-slide-type=\"image\"><img decoding=\"async\" src=\"https:\/\/ituzaingo.gob.ar\/turismo\/wp-content\/uploads\/2025\/05\/semana_santa_itu-8-700x366.webp\" width=\"700\" alt=\"\" class=\"slider-102281 slide-102319 msDefaultImage\" title=\"semana_santa_itu (8)\" \/><\/li>\n                <li style=\"display: none; width: 100%;\" class=\"slide-102320 ms-image \" aria-roledescription=\"slide\" data-date=\"2025-05-23 20:22:25\" data-filename=\"semana_santa_itu-7-700x366.webp\" data-slide-type=\"image\"><img decoding=\"async\" src=\"https:\/\/ituzaingo.gob.ar\/turismo\/wp-content\/uploads\/2025\/05\/semana_santa_itu-7-700x366.webp\" width=\"700\" alt=\"\" class=\"slider-102281 slide-102320 msDefaultImage\" title=\"semana_santa_itu (7)\" \/><\/li>\n                <li style=\"display: none; width: 100%;\" class=\"slide-102321 ms-image \" aria-roledescription=\"slide\" data-date=\"2025-05-23 20:22:25\" data-filename=\"semana_santa_itu-6-700x366.webp\" data-slide-type=\"image\"><img decoding=\"async\" src=\"https:\/\/ituzaingo.gob.ar\/turismo\/wp-content\/uploads\/2025\/05\/semana_santa_itu-6-700x366.webp\" width=\"700\" alt=\"\" class=\"slider-102281 slide-102321 msDefaultImage\" title=\"semana_santa_itu (6)\" \/><\/li>\n                <li style=\"display: none; width: 100%;\" class=\"slide-102322 ms-image \" aria-roledescription=\"slide\" data-date=\"2025-05-23 20:22:25\" data-filename=\"semana_santa_itu-5-700x466.webp\" data-slide-type=\"image\"><img decoding=\"async\" src=\"https:\/\/ituzaingo.gob.ar\/turismo\/wp-content\/uploads\/2025\/05\/semana_santa_itu-5-700x466.webp\" width=\"700\" alt=\"\" class=\"slider-102281 slide-102322 msDefaultImage\" title=\"semana_santa_itu (5)\" \/><\/li>\n                <li style=\"display: none; width: 100%;\" class=\"slide-102323 ms-image \" aria-roledescription=\"slide\" data-date=\"2025-05-23 20:22:25\" data-filename=\"semana_santa_itu-4-700x366.webp\" data-slide-type=\"image\"><img decoding=\"async\" src=\"https:\/\/ituzaingo.gob.ar\/turismo\/wp-content\/uploads\/2025\/05\/semana_santa_itu-4-700x366.webp\" width=\"700\" alt=\"\" class=\"slider-102281 slide-102323 msDefaultImage\" title=\"semana_santa_itu (4)\" \/><\/li>\n                <li style=\"display: none; width: 100%;\" class=\"slide-102324 ms-image \" aria-roledescription=\"slide\" data-date=\"2025-05-23 20:22:25\" data-filename=\"semana_santa_itu-3-700x366.webp\" data-slide-type=\"image\"><img decoding=\"async\" src=\"https:\/\/ituzaingo.gob.ar\/turismo\/wp-content\/uploads\/2025\/05\/semana_santa_itu-3-700x366.webp\" width=\"700\" alt=\"\" class=\"slider-102281 slide-102324 msDefaultImage\" title=\"semana_santa_itu (3)\" \/><\/li>\n                <li style=\"display: none; width: 100%;\" class=\"slide-102325 ms-image \" aria-roledescription=\"slide\" data-date=\"2025-05-23 20:22:25\" data-filename=\"semana_santa_itu-2-700x366.webp\" data-slide-type=\"image\"><img decoding=\"async\" src=\"https:\/\/ituzaingo.gob.ar\/turismo\/wp-content\/uploads\/2025\/05\/semana_santa_itu-2-700x366.webp\" width=\"700\" alt=\"\" class=\"slider-102281 slide-102325 msDefaultImage\" title=\"semana_santa_itu (2)\" \/><\/li>\n                <li style=\"display: none; width: 100%;\" class=\"slide-102326 ms-image \" aria-roledescription=\"slide\" data-date=\"2025-05-23 20:22:25\" data-filename=\"semana_santa_itu-1-700x467.webp\" data-slide-type=\"image\"><img decoding=\"async\" src=\"https:\/\/ituzaingo.gob.ar\/turismo\/wp-content\/uploads\/2025\/05\/semana_santa_itu-1-700x467.webp\" width=\"700\" alt=\"\" class=\"slider-102281 slide-102326 msDefaultImage\" title=\"semana_santa_itu (1)\" \/><\/li>\n            <\/ul>\n        <\/div>\n        \n    <\/div>\n<\/div>\n","protected":false},"excerpt":{"rendered":"<p>Durante la Semana Santa, la ciudad de Ituzaing\u00f3 se transforma en un destino imperdible para quienes desean vivir una experiencia \u00fanica que fusiona fe, tradici\u00f3n y belleza natural . Ubicada a orillas del majestuoso r\u00edo Paran\u00e1, ofrece un entorno perfecto para la reflexi\u00f3n espiritual y el disfrute cultural en familia. Las principales iglesias y capillas, [&hellip;]<\/p>\n","protected":false},"author":2,"featured_media":102299,"comment_status":"closed","ping_status":"closed","sticky":false,"template":"","format":"standard","meta":{"footnotes":""},"categories":[6],"tags":[],"class_list":["post-102268","post","type-post","status-publish","format-standard","has-post-thumbnail","hentry","category-eventos-anuales"],"blocksy_meta":[],"_links":{"self":[{"href":"https:\/\/ituzaingo.gob.ar\/turismo\/wp-json\/wp\/v2\/posts\/102268","targetHints":{"allow":["GET"]}}],"collection":[{"href":"https:\/\/ituzaingo.gob.ar\/turismo\/wp-json\/wp\/v2\/posts"}],"about":[{"href":"https:\/\/ituzaingo.gob.ar\/turismo\/wp-json\/wp\/v2\/types\/post"}],"author":[{"embeddable":true,"href":"https:\/\/ituzaingo.gob.ar\/turismo\/wp-json\/wp\/v2\/users\/2"}],"replies":[{"embeddable":true,"href":"https:\/\/ituzaingo.gob.ar\/turismo\/wp-json\/wp\/v2\/comments?post=102268"}],"version-history":[{"count":2,"href":"https:\/\/ituzaingo.gob.ar\/turismo\/wp-json\/wp\/v2\/posts\/102268\/revisions"}],"predecessor-version":[{"id":102327,"href":"https:\/\/ituzaingo.gob.ar\/turismo\/wp-json\/wp\/v2\/posts\/102268\/revisions\/102327"}],"wp:featuredmedia":[{"embeddable":true,"href":"https:\/\/ituzaingo.gob.ar\/turismo\/wp-json\/wp\/v2\/media\/102299"}],"wp:attachment":[{"href":"https:\/\/ituzaingo.gob.ar\/turismo\/wp-json\/wp\/v2\/media?parent=102268"}],"wp:term":[{"taxonomy":"category","embeddable":true,"href":"https:\/\/ituzaingo.gob.ar\/turismo\/wp-json\/wp\/v2\/categories?post=102268"},{"taxonomy":"post_tag","embeddable":true,"href":"https:\/\/ituzaingo.gob.ar\/turismo\/wp-json\/wp\/v2\/tags?post=102268"}],"curies":[{"name":"wp","href":"https:\/\/api.w.org\/{rel}","templated":true}]}}