{"id":102435,"date":"2025-05-23T20:42:02","date_gmt":"2025-05-23T20:42:02","guid":{"rendered":"https:\/\/ituzaingo.gob.ar\/turismo\/?p=102435"},"modified":"2025-05-23T20:42:30","modified_gmt":"2025-05-23T20:42:30","slug":"junio-fiesta-patronal","status":"publish","type":"post","link":"https:\/\/ituzaingo.gob.ar\/turismo\/junio-fiesta-patronal\/","title":{"rendered":"Junio: Fiesta Patronal"},"content":{"rendered":"\n<p>El 24 de junio se celebra el d\u00eda del Santo Patrono de nuestra ciudad, San Juan Bautista. Es por ello que se desarrolla una Feria en su honor que combina elementos religiosos, culturales y tradicionales que reflejan la identidad de la comunidad ituzaingue\u00f1a.<\/p>\n\n\n\n<p class=\"has-medium-font-size\"><strong>Ceremonias Religiosas<\/strong><\/p>\n\n\n\n<p>Las festividades comienzan el 15 de junio con el rezo de la Aurora y el inicio de la novena en honor al Santo Patrono. El d\u00eda 24 de junio la comunidad acompa\u00f1a en una procesi\u00f3n por las calles de la ciudad con la imagen de San Juan Bautista, finalizando con una Misa con la presencia del Obispo.<\/p>\n\n\n\n<p class=\"has-medium-font-size\"><strong>Expo Feria Artesanal y Comercial<\/strong><\/p>\n\n\n\n<p>En el multiespacio \u201cSan Juan Bautista\u201d, se lleva a cabo la Expo Feria Artesanal y Comercial, donde artesanos y emprendedores locales y regionales ofrecen una variedad de productos, adem\u00e1s, se puede disfrutar de una amplia propuesta gastron\u00f3mica y una oferta de juegos infantiles y tradicionales.<\/p>\n\n\n\n<p class=\"has-medium-font-size\"><strong><\/strong><strong> Espect\u00e1culos Musicales y Danzas<\/strong><\/p>\n\n\n\n<p>Durante la festividad, se presentan grupos musicales del g\u00e9nero chamam\u00e9 y cumbia, con artistas locales y regionales, brindando entretenimiento para toda la familia.<\/p>\n\n\n\n<p class=\"has-medium-font-size\"><strong>Rituales Tradicionales<\/strong><\/p>\n\n\n\n<p>Cada a\u00f1o se realizan actividades t\u00edpicas que forman parte de la cultura donde el fuego es el protagonista como s\u00edmbolo de purificaci\u00f3n y renovaci\u00f3n:<\/p>\n\n\n\n<ul class=\"wp-block-list\">\n<li><strong><em>Luminaria<\/em><\/strong><strong>:<\/strong> las casas y comercios presentan peque\u00f1as luminarias en sus entradas, elaboradas de manera tradicional con naranjas, cebo y mechas de trapo.<\/li>\n\n\n\n<li><strong><em>Desfile del Toro Candil:<\/em><\/strong> Un grupo de personas se disfrazan de un toro con cuernos encendidos que recorre las calles, interactuando con el p\u00fablico en una tradici\u00f3n llena de energ\u00eda y simbolismo.<\/li>\n\n\n\n<li><strong><em>Quema del Mu\u00f1eco<\/em><\/strong><em>:<\/em> Se prende fuego a un mu\u00f1eco que representa todos los males que la comunidad desea dejar atr\u00e1s, simbolizando una purificaci\u00f3n espiritual.<\/li>\n<\/ul>\n\n\n\n<p><strong><em>Cruce de Brasas (Tat\u00e1 Yehas\u00e1)<\/em><\/strong>: Los participantes caminan descalzos sobre brasas encendidas, demostrando su fe y valent\u00eda.<\/p>\n\n\n<div id=\"metaslider-id-102475\" style=\"max-width: 700px;\" class=\"ml-slider-3-106-0 metaslider metaslider-flex metaslider-102475 ml-slider ml-slider-lightbox-2-23-0 lightbox-disabled ms-theme-default-base nav-hidden\" role=\"region\" aria-label=\"Fiestas Patronales\" data-width=\"700\">\n    <div id=\"metaslider_container_102475\">\n        <div id=\"metaslider_102475\">\n            <ul class='slides'>\n                <li style=\"display: block; width: 100%;\" class=\"slide-102476 ms-image \" aria-roledescription=\"slide\" data-date=\"2025-05-23 20:40:07\" data-filename=\"fiestas_patronales_fotos-39-700x524.webp\" data-slide-type=\"image\"><img decoding=\"async\" src=\"https:\/\/ituzaingo.gob.ar\/turismo\/wp-content\/uploads\/2025\/05\/fiestas_patronales_fotos-39-700x524.webp\" width=\"700\" alt=\"\" class=\"slider-102475 slide-102476 msDefaultImage\" title=\"fiestas_patronales_fotos (39)\" \/><\/li>\n                <li style=\"display: none; width: 100%;\" class=\"slide-102477 ms-image \" aria-roledescription=\"slide\" data-date=\"2025-05-23 20:40:07\" data-filename=\"fiestas_patronales_fotos-38-700x524.webp\" data-slide-type=\"image\"><img decoding=\"async\" src=\"https:\/\/ituzaingo.gob.ar\/turismo\/wp-content\/uploads\/2025\/05\/fiestas_patronales_fotos-38-700x524.webp\" width=\"700\" alt=\"\" class=\"slider-102475 slide-102477 msDefaultImage\" title=\"fiestas_patronales_fotos (38)\" \/><\/li>\n                <li style=\"display: none; width: 100%;\" class=\"slide-102478 ms-image \" aria-roledescription=\"slide\" data-date=\"2025-05-23 20:40:07\" data-filename=\"fiestas_patronales_fotos-37-700x524.webp\" data-slide-type=\"image\"><img decoding=\"async\" src=\"https:\/\/ituzaingo.gob.ar\/turismo\/wp-content\/uploads\/2025\/05\/fiestas_patronales_fotos-37-700x524.webp\" width=\"700\" alt=\"\" class=\"slider-102475 slide-102478 msDefaultImage\" title=\"fiestas_patronales_fotos (37)\" \/><\/li>\n                <li style=\"display: none; width: 100%;\" class=\"slide-102479 ms-image \" aria-roledescription=\"slide\" data-date=\"2025-05-23 20:40:07\" data-filename=\"fiestas_patronales_fotos-36-700x524.webp\" data-slide-type=\"image\"><img decoding=\"async\" src=\"https:\/\/ituzaingo.gob.ar\/turismo\/wp-content\/uploads\/2025\/05\/fiestas_patronales_fotos-36-700x524.webp\" width=\"700\" alt=\"\" class=\"slider-102475 slide-102479 msDefaultImage\" title=\"fiestas_patronales_fotos (36)\" \/><\/li>\n                <li style=\"display: none; width: 100%;\" class=\"slide-102480 ms-image \" aria-roledescription=\"slide\" data-date=\"2025-05-23 20:40:07\" data-filename=\"fiestas_patronales_fotos-35-700x466.webp\" data-slide-type=\"image\"><img decoding=\"async\" src=\"https:\/\/ituzaingo.gob.ar\/turismo\/wp-content\/uploads\/2025\/05\/fiestas_patronales_fotos-35-700x466.webp\" width=\"700\" alt=\"\" class=\"slider-102475 slide-102480 msDefaultImage\" title=\"fiestas_patronales_fotos (35)\" \/><\/li>\n                <li style=\"display: none; width: 100%;\" class=\"slide-102481 ms-image \" aria-roledescription=\"slide\" data-date=\"2025-05-23 20:40:08\" data-filename=\"fiestas_patronales_fotos-34-700x466.webp\" data-slide-type=\"image\"><img decoding=\"async\" src=\"https:\/\/ituzaingo.gob.ar\/turismo\/wp-content\/uploads\/2025\/05\/fiestas_patronales_fotos-34-700x466.webp\" width=\"700\" alt=\"\" class=\"slider-102475 slide-102481 msDefaultImage\" title=\"fiestas_patronales_fotos (34)\" \/><\/li>\n                <li style=\"display: none; width: 100%;\" class=\"slide-102482 ms-image \" aria-roledescription=\"slide\" data-date=\"2025-05-23 20:40:08\" data-filename=\"fiestas_patronales_fotos-33-700x466.webp\" data-slide-type=\"image\"><img decoding=\"async\" src=\"https:\/\/ituzaingo.gob.ar\/turismo\/wp-content\/uploads\/2025\/05\/fiestas_patronales_fotos-33-700x466.webp\" width=\"700\" alt=\"\" class=\"slider-102475 slide-102482 msDefaultImage\" title=\"fiestas_patronales_fotos (33)\" \/><\/li>\n                <li style=\"display: none; width: 100%;\" class=\"slide-102483 ms-image \" aria-roledescription=\"slide\" data-date=\"2025-05-23 20:40:08\" data-filename=\"fiestas_patronales_fotos-32-700x466.webp\" data-slide-type=\"image\"><img decoding=\"async\" src=\"https:\/\/ituzaingo.gob.ar\/turismo\/wp-content\/uploads\/2025\/05\/fiestas_patronales_fotos-32-700x466.webp\" width=\"700\" alt=\"\" class=\"slider-102475 slide-102483 msDefaultImage\" title=\"fiestas_patronales_fotos (32)\" \/><\/li>\n                <li style=\"display: none; width: 100%;\" class=\"slide-102484 ms-image \" aria-roledescription=\"slide\" data-date=\"2025-05-23 20:40:08\" data-filename=\"fiestas_patronales_fotos-31-700x466.webp\" data-slide-type=\"image\"><img decoding=\"async\" src=\"https:\/\/ituzaingo.gob.ar\/turismo\/wp-content\/uploads\/2025\/05\/fiestas_patronales_fotos-31-700x466.webp\" width=\"700\" alt=\"\" class=\"slider-102475 slide-102484 msDefaultImage\" title=\"fiestas_patronales_fotos (31)\" \/><\/li>\n                <li style=\"display: none; width: 100%;\" class=\"slide-102485 ms-image \" aria-roledescription=\"slide\" data-date=\"2025-05-23 20:40:08\" data-filename=\"fiestas_patronales_fotos-30-700x466.webp\" data-slide-type=\"image\"><img decoding=\"async\" src=\"https:\/\/ituzaingo.gob.ar\/turismo\/wp-content\/uploads\/2025\/05\/fiestas_patronales_fotos-30-700x466.webp\" width=\"700\" alt=\"\" class=\"slider-102475 slide-102485 msDefaultImage\" title=\"fiestas_patronales_fotos (30)\" \/><\/li>\n                <li style=\"display: none; width: 100%;\" class=\"slide-102486 ms-image \" aria-roledescription=\"slide\" data-date=\"2025-05-23 20:40:08\" data-filename=\"fiestas_patronales_fotos-29-700x874.webp\" data-slide-type=\"image\"><img decoding=\"async\" src=\"https:\/\/ituzaingo.gob.ar\/turismo\/wp-content\/uploads\/2025\/05\/fiestas_patronales_fotos-29-700x874.webp\" width=\"700\" alt=\"\" class=\"slider-102475 slide-102486 msDefaultImage\" title=\"fiestas_patronales_fotos (29)\" \/><\/li>\n                <li style=\"display: none; width: 100%;\" class=\"slide-102487 ms-image \" aria-roledescription=\"slide\" data-date=\"2025-05-23 20:40:08\" data-filename=\"fiestas_patronales_fotos-28-700x874.webp\" data-slide-type=\"image\"><img decoding=\"async\" src=\"https:\/\/ituzaingo.gob.ar\/turismo\/wp-content\/uploads\/2025\/05\/fiestas_patronales_fotos-28-700x874.webp\" width=\"700\" alt=\"\" class=\"slider-102475 slide-102487 msDefaultImage\" title=\"fiestas_patronales_fotos (28)\" \/><\/li>\n                <li style=\"display: none; width: 100%;\" class=\"slide-102488 ms-image \" aria-roledescription=\"slide\" data-date=\"2025-05-23 20:40:08\" data-filename=\"fiestas_patronales_fotos-27-700x874.webp\" data-slide-type=\"image\"><img decoding=\"async\" src=\"https:\/\/ituzaingo.gob.ar\/turismo\/wp-content\/uploads\/2025\/05\/fiestas_patronales_fotos-27-700x874.webp\" width=\"700\" alt=\"\" class=\"slider-102475 slide-102488 msDefaultImage\" title=\"fiestas_patronales_fotos (27)\" \/><\/li>\n                <li style=\"display: none; width: 100%;\" class=\"slide-102489 ms-image \" aria-roledescription=\"slide\" data-date=\"2025-05-23 20:40:08\" data-filename=\"fiestas_patronales_fotos-26-700x874.webp\" data-slide-type=\"image\"><img decoding=\"async\" src=\"https:\/\/ituzaingo.gob.ar\/turismo\/wp-content\/uploads\/2025\/05\/fiestas_patronales_fotos-26-700x874.webp\" width=\"700\" alt=\"\" class=\"slider-102475 slide-102489 msDefaultImage\" title=\"fiestas_patronales_fotos (26)\" \/><\/li>\n                <li style=\"display: none; width: 100%;\" class=\"slide-102490 ms-image \" aria-roledescription=\"slide\" data-date=\"2025-05-23 20:40:08\" data-filename=\"fiestas_patronales_fotos-25-700x874.webp\" data-slide-type=\"image\"><img decoding=\"async\" src=\"https:\/\/ituzaingo.gob.ar\/turismo\/wp-content\/uploads\/2025\/05\/fiestas_patronales_fotos-25-700x874.webp\" width=\"700\" alt=\"\" class=\"slider-102475 slide-102490 msDefaultImage\" title=\"fiestas_patronales_fotos (25)\" \/><\/li>\n                <li style=\"display: none; width: 100%;\" class=\"slide-102491 ms-image \" aria-roledescription=\"slide\" data-date=\"2025-05-23 20:40:08\" data-filename=\"fiestas_patronales_fotos-24-700x874.webp\" data-slide-type=\"image\"><img decoding=\"async\" src=\"https:\/\/ituzaingo.gob.ar\/turismo\/wp-content\/uploads\/2025\/05\/fiestas_patronales_fotos-24-700x874.webp\" width=\"700\" alt=\"\" class=\"slider-102475 slide-102491 msDefaultImage\" title=\"fiestas_patronales_fotos (24)\" \/><\/li>\n                <li style=\"display: none; width: 100%;\" class=\"slide-102492 ms-image \" aria-roledescription=\"slide\" data-date=\"2025-05-23 20:40:09\" data-filename=\"fiestas_patronales_fotos-23-700x874.webp\" data-slide-type=\"image\"><img decoding=\"async\" src=\"https:\/\/ituzaingo.gob.ar\/turismo\/wp-content\/uploads\/2025\/05\/fiestas_patronales_fotos-23-700x874.webp\" width=\"700\" alt=\"\" class=\"slider-102475 slide-102492 msDefaultImage\" title=\"fiestas_patronales_fotos (23)\" \/><\/li>\n                <li style=\"display: none; width: 100%;\" class=\"slide-102493 ms-image \" aria-roledescription=\"slide\" data-date=\"2025-05-23 20:40:09\" data-filename=\"fiestas_patronales_fotos-22-700x874.webp\" data-slide-type=\"image\"><img decoding=\"async\" src=\"https:\/\/ituzaingo.gob.ar\/turismo\/wp-content\/uploads\/2025\/05\/fiestas_patronales_fotos-22-700x874.webp\" width=\"700\" alt=\"\" class=\"slider-102475 slide-102493 msDefaultImage\" title=\"fiestas_patronales_fotos (22)\" \/><\/li>\n                <li style=\"display: none; width: 100%;\" class=\"slide-102494 ms-image \" aria-roledescription=\"slide\" data-date=\"2025-05-23 20:40:09\" data-filename=\"fiestas_patronales_fotos-21-700x874.webp\" data-slide-type=\"image\"><img decoding=\"async\" src=\"https:\/\/ituzaingo.gob.ar\/turismo\/wp-content\/uploads\/2025\/05\/fiestas_patronales_fotos-21-700x874.webp\" width=\"700\" alt=\"\" class=\"slider-102475 slide-102494 msDefaultImage\" title=\"fiestas_patronales_fotos (21)\" \/><\/li>\n                <li style=\"display: none; width: 100%;\" class=\"slide-102495 ms-image \" aria-roledescription=\"slide\" data-date=\"2025-05-23 20:40:09\" data-filename=\"fiestas_patronales_fotos-20-700x466.webp\" data-slide-type=\"image\"><img decoding=\"async\" src=\"https:\/\/ituzaingo.gob.ar\/turismo\/wp-content\/uploads\/2025\/05\/fiestas_patronales_fotos-20-700x466.webp\" width=\"700\" alt=\"\" class=\"slider-102475 slide-102495 msDefaultImage\" title=\"fiestas_patronales_fotos (20)\" \/><\/li>\n                <li style=\"display: none; width: 100%;\" class=\"slide-102496 ms-image \" aria-roledescription=\"slide\" data-date=\"2025-05-23 20:40:09\" data-filename=\"fiestas_patronales_fotos-19-700x466.webp\" data-slide-type=\"image\"><img decoding=\"async\" src=\"https:\/\/ituzaingo.gob.ar\/turismo\/wp-content\/uploads\/2025\/05\/fiestas_patronales_fotos-19-700x466.webp\" width=\"700\" alt=\"\" class=\"slider-102475 slide-102496 msDefaultImage\" title=\"fiestas_patronales_fotos (19)\" \/><\/li>\n                <li style=\"display: none; width: 100%;\" class=\"slide-102497 ms-image \" aria-roledescription=\"slide\" data-date=\"2025-05-23 20:40:09\" data-filename=\"fiestas_patronales_fotos-18-700x466.webp\" data-slide-type=\"image\"><img decoding=\"async\" src=\"https:\/\/ituzaingo.gob.ar\/turismo\/wp-content\/uploads\/2025\/05\/fiestas_patronales_fotos-18-700x466.webp\" width=\"700\" alt=\"\" class=\"slider-102475 slide-102497 msDefaultImage\" title=\"fiestas_patronales_fotos (18)\" \/><\/li>\n                <li style=\"display: none; width: 100%;\" class=\"slide-102498 ms-image \" aria-roledescription=\"slide\" data-date=\"2025-05-23 20:40:09\" data-filename=\"fiestas_patronales_fotos-17-700x466.webp\" data-slide-type=\"image\"><img decoding=\"async\" src=\"https:\/\/ituzaingo.gob.ar\/turismo\/wp-content\/uploads\/2025\/05\/fiestas_patronales_fotos-17-700x466.webp\" width=\"700\" alt=\"\" class=\"slider-102475 slide-102498 msDefaultImage\" title=\"fiestas_patronales_fotos (17)\" \/><\/li>\n                <li style=\"display: none; width: 100%;\" class=\"slide-102499 ms-image \" aria-roledescription=\"slide\" data-date=\"2025-05-23 20:40:09\" data-filename=\"fiestas_patronales_fotos-16-700x466.webp\" data-slide-type=\"image\"><img decoding=\"async\" src=\"https:\/\/ituzaingo.gob.ar\/turismo\/wp-content\/uploads\/2025\/05\/fiestas_patronales_fotos-16-700x466.webp\" width=\"700\" alt=\"\" class=\"slider-102475 slide-102499 msDefaultImage\" title=\"fiestas_patronales_fotos (16)\" \/><\/li>\n                <li style=\"display: none; width: 100%;\" class=\"slide-102500 ms-image \" aria-roledescription=\"slide\" data-date=\"2025-05-23 20:40:09\" data-filename=\"fiestas_patronales_fotos-15-700x466.webp\" data-slide-type=\"image\"><img decoding=\"async\" src=\"https:\/\/ituzaingo.gob.ar\/turismo\/wp-content\/uploads\/2025\/05\/fiestas_patronales_fotos-15-700x466.webp\" width=\"700\" alt=\"\" class=\"slider-102475 slide-102500 msDefaultImage\" title=\"fiestas_patronales_fotos (15)\" \/><\/li>\n                <li style=\"display: none; width: 100%;\" class=\"slide-102501 ms-image \" aria-roledescription=\"slide\" data-date=\"2025-05-23 20:40:10\" data-filename=\"fiestas_patronales_fotos-14-700x466.webp\" data-slide-type=\"image\"><img decoding=\"async\" src=\"https:\/\/ituzaingo.gob.ar\/turismo\/wp-content\/uploads\/2025\/05\/fiestas_patronales_fotos-14-700x466.webp\" width=\"700\" alt=\"\" class=\"slider-102475 slide-102501 msDefaultImage\" title=\"fiestas_patronales_fotos (14)\" \/><\/li>\n                <li style=\"display: none; width: 100%;\" class=\"slide-102502 ms-image \" aria-roledescription=\"slide\" data-date=\"2025-05-23 20:40:10\" data-filename=\"fiestas_patronales_fotos-13-700x466.webp\" data-slide-type=\"image\"><img decoding=\"async\" src=\"https:\/\/ituzaingo.gob.ar\/turismo\/wp-content\/uploads\/2025\/05\/fiestas_patronales_fotos-13-700x466.webp\" width=\"700\" alt=\"\" class=\"slider-102475 slide-102502 msDefaultImage\" title=\"fiestas_patronales_fotos (13)\" \/><\/li>\n                <li style=\"display: none; width: 100%;\" class=\"slide-102503 ms-image \" aria-roledescription=\"slide\" data-date=\"2025-05-23 20:40:10\" data-filename=\"fiestas_patronales_fotos-12-700x466.webp\" data-slide-type=\"image\"><img decoding=\"async\" src=\"https:\/\/ituzaingo.gob.ar\/turismo\/wp-content\/uploads\/2025\/05\/fiestas_patronales_fotos-12-700x466.webp\" width=\"700\" alt=\"\" class=\"slider-102475 slide-102503 msDefaultImage\" title=\"fiestas_patronales_fotos (12)\" \/><\/li>\n                <li style=\"display: none; width: 100%;\" class=\"slide-102504 ms-image \" aria-roledescription=\"slide\" data-date=\"2025-05-23 20:40:10\" data-filename=\"fiestas_patronales_fotos-11-700x466.webp\" data-slide-type=\"image\"><img decoding=\"async\" src=\"https:\/\/ituzaingo.gob.ar\/turismo\/wp-content\/uploads\/2025\/05\/fiestas_patronales_fotos-11-700x466.webp\" width=\"700\" alt=\"\" class=\"slider-102475 slide-102504 msDefaultImage\" title=\"fiestas_patronales_fotos (11)\" \/><\/li>\n                <li style=\"display: none; width: 100%;\" class=\"slide-102505 ms-image \" aria-roledescription=\"slide\" data-date=\"2025-05-23 20:40:10\" data-filename=\"fiestas_patronales_fotos-10-700x466.webp\" data-slide-type=\"image\"><img decoding=\"async\" src=\"https:\/\/ituzaingo.gob.ar\/turismo\/wp-content\/uploads\/2025\/05\/fiestas_patronales_fotos-10-700x466.webp\" width=\"700\" alt=\"\" class=\"slider-102475 slide-102505 msDefaultImage\" title=\"fiestas_patronales_fotos (10)\" \/><\/li>\n                <li style=\"display: none; width: 100%;\" class=\"slide-102506 ms-image \" aria-roledescription=\"slide\" data-date=\"2025-05-23 20:40:10\" data-filename=\"fiestas_patronales_fotos-9-700x466.webp\" data-slide-type=\"image\"><img decoding=\"async\" src=\"https:\/\/ituzaingo.gob.ar\/turismo\/wp-content\/uploads\/2025\/05\/fiestas_patronales_fotos-9-700x466.webp\" width=\"700\" alt=\"\" class=\"slider-102475 slide-102506 msDefaultImage\" title=\"fiestas_patronales_fotos (9)\" \/><\/li>\n                <li style=\"display: none; width: 100%;\" class=\"slide-102507 ms-image \" aria-roledescription=\"slide\" data-date=\"2025-05-23 20:40:10\" data-filename=\"fiestas_patronales_fotos-8-700x466.webp\" data-slide-type=\"image\"><img decoding=\"async\" src=\"https:\/\/ituzaingo.gob.ar\/turismo\/wp-content\/uploads\/2025\/05\/fiestas_patronales_fotos-8-700x466.webp\" width=\"700\" alt=\"\" class=\"slider-102475 slide-102507 msDefaultImage\" title=\"fiestas_patronales_fotos (8)\" \/><\/li>\n                <li style=\"display: none; width: 100%;\" class=\"slide-102508 ms-image \" aria-roledescription=\"slide\" data-date=\"2025-05-23 20:40:10\" data-filename=\"fiestas_patronales_fotos-6-700x466.webp\" data-slide-type=\"image\"><img decoding=\"async\" src=\"https:\/\/ituzaingo.gob.ar\/turismo\/wp-content\/uploads\/2025\/05\/fiestas_patronales_fotos-6-700x466.webp\" width=\"700\" alt=\"\" class=\"slider-102475 slide-102508 msDefaultImage\" title=\"fiestas_patronales_fotos (6)\" \/><\/li>\n                <li style=\"display: none; width: 100%;\" class=\"slide-102509 ms-image \" aria-roledescription=\"slide\" data-date=\"2025-05-23 20:40:10\" data-filename=\"fiestas_patronales_fotos-5-700x467.webp\" data-slide-type=\"image\"><img decoding=\"async\" src=\"https:\/\/ituzaingo.gob.ar\/turismo\/wp-content\/uploads\/2025\/05\/fiestas_patronales_fotos-5-700x467.webp\" width=\"700\" alt=\"\" class=\"slider-102475 slide-102509 msDefaultImage\" title=\"fiestas_patronales_fotos (5)\" \/><\/li>\n                <li style=\"display: none; width: 100%;\" class=\"slide-102510 ms-image \" aria-roledescription=\"slide\" data-date=\"2025-05-23 20:40:10\" data-filename=\"fiestas_patronales_fotos-4-700x466.webp\" data-slide-type=\"image\"><img decoding=\"async\" src=\"https:\/\/ituzaingo.gob.ar\/turismo\/wp-content\/uploads\/2025\/05\/fiestas_patronales_fotos-4-700x466.webp\" width=\"700\" alt=\"\" class=\"slider-102475 slide-102510 msDefaultImage\" title=\"fiestas_patronales_fotos (4)\" \/><\/li>\n                <li style=\"display: none; width: 100%;\" class=\"slide-102511 ms-image \" aria-roledescription=\"slide\" data-date=\"2025-05-23 20:40:11\" data-filename=\"fiestas_patronales_fotos-3-700x524.webp\" data-slide-type=\"image\"><img decoding=\"async\" src=\"https:\/\/ituzaingo.gob.ar\/turismo\/wp-content\/uploads\/2025\/05\/fiestas_patronales_fotos-3-700x524.webp\" width=\"700\" alt=\"\" class=\"slider-102475 slide-102511 msDefaultImage\" title=\"fiestas_patronales_fotos (3)\" \/><\/li>\n                <li style=\"display: none; width: 100%;\" class=\"slide-102512 ms-image \" aria-roledescription=\"slide\" data-date=\"2025-05-23 20:40:11\" data-filename=\"fiestas_patronales_fotos-2-700x524.webp\" data-slide-type=\"image\"><img decoding=\"async\" src=\"https:\/\/ituzaingo.gob.ar\/turismo\/wp-content\/uploads\/2025\/05\/fiestas_patronales_fotos-2-700x524.webp\" width=\"700\" alt=\"\" class=\"slider-102475 slide-102512 msDefaultImage\" title=\"fiestas_patronales_fotos (2)\" \/><\/li>\n                <li style=\"display: none; width: 100%;\" class=\"slide-102513 ms-image \" aria-roledescription=\"slide\" data-date=\"2025-05-23 20:40:11\" data-filename=\"fiestas_patronales_fotos-1-700x524.webp\" data-slide-type=\"image\"><img decoding=\"async\" src=\"https:\/\/ituzaingo.gob.ar\/turismo\/wp-content\/uploads\/2025\/05\/fiestas_patronales_fotos-1-700x524.webp\" width=\"700\" alt=\"\" class=\"slider-102475 slide-102513 msDefaultImage\" title=\"fiestas_patronales_fotos (1)\" \/><\/li>\n            <\/ul>\n        <\/div>\n        \n    <\/div>\n<\/div>\n","protected":false},"excerpt":{"rendered":"<p>El 24 de junio se celebra el d\u00eda del Santo Patrono de nuestra ciudad, San Juan Bautista. Es por ello que se desarrolla una Feria en su honor que combina elementos religiosos, culturales y tradicionales que reflejan la identidad de la comunidad ituzaingue\u00f1a. Ceremonias Religiosas Las festividades comienzan el 15 de junio con el rezo [&hellip;]<\/p>\n","protected":false},"author":2,"featured_media":102474,"comment_status":"closed","ping_status":"closed","sticky":false,"template":"","format":"standard","meta":{"footnotes":""},"categories":[6],"tags":[],"class_list":["post-102435","post","type-post","status-publish","format-standard","has-post-thumbnail","hentry","category-eventos-anuales"],"blocksy_meta":[],"_links":{"self":[{"href":"https:\/\/ituzaingo.gob.ar\/turismo\/wp-json\/wp\/v2\/posts\/102435","targetHints":{"allow":["GET"]}}],"collection":[{"href":"https:\/\/ituzaingo.gob.ar\/turismo\/wp-json\/wp\/v2\/posts"}],"about":[{"href":"https:\/\/ituzaingo.gob.ar\/turismo\/wp-json\/wp\/v2\/types\/post"}],"author":[{"embeddable":true,"href":"https:\/\/ituzaingo.gob.ar\/turismo\/wp-json\/wp\/v2\/users\/2"}],"replies":[{"embeddable":true,"href":"https:\/\/ituzaingo.gob.ar\/turismo\/wp-json\/wp\/v2\/comments?post=102435"}],"version-history":[{"count":2,"href":"https:\/\/ituzaingo.gob.ar\/turismo\/wp-json\/wp\/v2\/posts\/102435\/revisions"}],"predecessor-version":[{"id":102515,"href":"https:\/\/ituzaingo.gob.ar\/turismo\/wp-json\/wp\/v2\/posts\/102435\/revisions\/102515"}],"wp:featuredmedia":[{"embeddable":true,"href":"https:\/\/ituzaingo.gob.ar\/turismo\/wp-json\/wp\/v2\/media\/102474"}],"wp:attachment":[{"href":"https:\/\/ituzaingo.gob.ar\/turismo\/wp-json\/wp\/v2\/media?parent=102435"}],"wp:term":[{"taxonomy":"category","embeddable":true,"href":"https:\/\/ituzaingo.gob.ar\/turismo\/wp-json\/wp\/v2\/categories?post=102435"},{"taxonomy":"post_tag","embeddable":true,"href":"https:\/\/ituzaingo.gob.ar\/turismo\/wp-json\/wp\/v2\/tags?post=102435"}],"curies":[{"name":"wp","href":"https:\/\/api.w.org\/{rel}","templated":true}]}}