{"id":102763,"date":"2025-05-29T22:33:08","date_gmt":"2025-05-29T22:33:08","guid":{"rendered":"https:\/\/ituzaingo.gob.ar\/turismo\/?p=102763"},"modified":"2025-05-29T22:33:10","modified_gmt":"2025-05-29T22:33:10","slug":"anfiteatro-salvador-sena","status":"publish","type":"post","link":"https:\/\/ituzaingo.gob.ar\/turismo\/anfiteatro-salvador-sena\/","title":{"rendered":"Anfiteatro Salvador Sena"},"content":{"rendered":"\n<h3 class=\"wp-block-heading\"><strong><strong><strong>Anfiteatro Salvador Sena<\/strong><\/strong><\/strong><\/h3>\n\n\n\n<div class=\"acordeon-box\">\n\n<div class=\"acordeon-item\">\n    <button class=\"acordeon-titulo\">\n      <span class=\"acordeon-icono\"><i class=\"fa-regular fa-file-lines\"><\/i><\/span> Historia\n    <\/button>\n    <div class=\"acordeon-contenido\">\n   \n    <\/div>\n  <\/div>\n\n <div class=\"acordeon-item\">\n    <button class=\"acordeon-titulo\">\n      <span class=\"acordeon-icono\" ><i class=\"fa-regular fa-images\"><\/i><\/span> Galer\u00eda de im\u00e1genes\n    <\/button>\n    <div class=\"acordeon-contenido\">\n<div id=\"metaslider-id-102769\" style=\"max-width: 700px;\" class=\"ml-slider-3-106-0 metaslider metaslider-flex metaslider-102769 ml-slider ml-slider-lightbox-2-23-0 lightbox-disabled ms-theme-default-base nav-hidden\" role=\"region\" aria-label=\"Anfiteatro Salvador Sena\" data-width=\"700\">\n    <div id=\"metaslider_container_102769\">\n        <div id=\"metaslider_102769\">\n            <ul class='slides'>\n                <li style=\"display: block; width: 100%;\" class=\"slide-102770 ms-image \" aria-roledescription=\"slide\" data-date=\"2025-05-29 22:32:48\" data-filename=\"anfiteatro_salvador_sena-5-700x394.webp\" data-slide-type=\"image\"><img decoding=\"async\" src=\"https:\/\/ituzaingo.gob.ar\/turismo\/wp-content\/uploads\/2025\/05\/anfiteatro_salvador_sena-5-700x394.webp\" width=\"700\" alt=\"\" class=\"slider-102769 slide-102770 msDefaultImage\" title=\"anfiteatro_salvador_sena (5)\" \/><\/li>\n                <li style=\"display: none; width: 100%;\" class=\"slide-102771 ms-image \" aria-roledescription=\"slide\" data-date=\"2025-05-29 22:32:48\" data-filename=\"anfiteatro_salvador_sena-4-700x393.webp\" data-slide-type=\"image\"><img decoding=\"async\" src=\"https:\/\/ituzaingo.gob.ar\/turismo\/wp-content\/uploads\/2025\/05\/anfiteatro_salvador_sena-4-700x393.webp\" width=\"700\" alt=\"\" class=\"slider-102769 slide-102771 msDefaultImage\" title=\"anfiteatro_salvador_sena (4)\" \/><\/li>\n                <li style=\"display: none; width: 100%;\" class=\"slide-102772 ms-image \" aria-roledescription=\"slide\" data-date=\"2025-05-29 22:32:48\" data-filename=\"anfiteatro_salvador_sena-3-700x393.webp\" data-slide-type=\"image\"><img decoding=\"async\" src=\"https:\/\/ituzaingo.gob.ar\/turismo\/wp-content\/uploads\/2025\/05\/anfiteatro_salvador_sena-3-700x393.webp\" width=\"700\" alt=\"\" class=\"slider-102769 slide-102772 msDefaultImage\" title=\"anfiteatro_salvador_sena (3)\" \/><\/li>\n                <li style=\"display: none; width: 100%;\" class=\"slide-102773 ms-image \" aria-roledescription=\"slide\" data-date=\"2025-05-29 22:32:48\" data-filename=\"anfiteatro_salvador_sena-2-700x466.webp\" data-slide-type=\"image\"><img decoding=\"async\" src=\"https:\/\/ituzaingo.gob.ar\/turismo\/wp-content\/uploads\/2025\/05\/anfiteatro_salvador_sena-2-700x466.webp\" width=\"700\" alt=\"\" class=\"slider-102769 slide-102773 msDefaultImage\" title=\"anfiteatro_salvador_sena (2)\" \/><\/li>\n            <\/ul>\n        <\/div>\n        \n    <\/div>\n<\/div>\n    <\/div>\n  <\/div>\n\n  \n<!-- Ubicaci\u00f3n -->\n  <div class=\"acordeon-item\">\n    <button class=\"acordeon-titulo\">\n      <span class=\"acordeon-icono\"><i class=\"fa-regular fa-map\"><\/i><\/span> Ubicaci\u00f3n\n    <\/button>\n    <div class=\"acordeon-contenido\"> \nBernardino Valle y calle Libertador\n      <div class=\"mapa-ubicacion\">\n<iframe src=\"https:\/\/www.google.com\/maps\/embed?pb=!1m18!1m12!1m3!1d3398.133508422796!2d-56.6915792!3d-27.585188100000003!2m3!1f0!2f0!3f0!3m2!1i1024!2i768!4f13.1!3m3!1m2!1s0x9457388b910c3807%3A0x55838994e0eb23da!2sAnfiteatro%20Salvador%20Sena!5e1!3m2!1ses-419!2sar!4v1748557779235!5m2!1ses-419!2sar\" width=\"600\" height=\"450\" style=\"border:0;\" allowfullscreen=\"\" loading=\"lazy\" referrerpolicy=\"no-referrer-when-downgrade\"><\/iframe>\n      <\/div>\n    <\/div>\n  <\/div>\n\n\n<\/div>\n\n\n\n<div class=\"encabezado-lugar\">\n  <a href=\"\/turismo\/entretenimiento\"class=\"boton-volver-full\">\u2190 Volver a Entretenimientos<\/a>\n<\/div>\n\n\n\n<p><\/p>\n","protected":false},"excerpt":{"rendered":"<p>Anfiteatro Salvador Sena Historia Galer\u00eda de im\u00e1genes Ubicaci\u00f3n Bernardino Valle y calle Libertador \u2190 Volver a Entretenimientos<\/p>\n","protected":false},"author":2,"featured_media":102768,"comment_status":"closed","ping_status":"closed","sticky":false,"template":"","format":"standard","meta":{"footnotes":""},"categories":[21],"tags":[],"class_list":["post-102763","post","type-post","status-publish","format-standard","has-post-thumbnail","hentry","category-entretenimientos"],"blocksy_meta":[],"_links":{"self":[{"href":"https:\/\/ituzaingo.gob.ar\/turismo\/wp-json\/wp\/v2\/posts\/102763","targetHints":{"allow":["GET"]}}],"collection":[{"href":"https:\/\/ituzaingo.gob.ar\/turismo\/wp-json\/wp\/v2\/posts"}],"about":[{"href":"https:\/\/ituzaingo.gob.ar\/turismo\/wp-json\/wp\/v2\/types\/post"}],"author":[{"embeddable":true,"href":"https:\/\/ituzaingo.gob.ar\/turismo\/wp-json\/wp\/v2\/users\/2"}],"replies":[{"embeddable":true,"href":"https:\/\/ituzaingo.gob.ar\/turismo\/wp-json\/wp\/v2\/comments?post=102763"}],"version-history":[{"count":1,"href":"https:\/\/ituzaingo.gob.ar\/turismo\/wp-json\/wp\/v2\/posts\/102763\/revisions"}],"predecessor-version":[{"id":102774,"href":"https:\/\/ituzaingo.gob.ar\/turismo\/wp-json\/wp\/v2\/posts\/102763\/revisions\/102774"}],"wp:featuredmedia":[{"embeddable":true,"href":"https:\/\/ituzaingo.gob.ar\/turismo\/wp-json\/wp\/v2\/media\/102768"}],"wp:attachment":[{"href":"https:\/\/ituzaingo.gob.ar\/turismo\/wp-json\/wp\/v2\/media?parent=102763"}],"wp:term":[{"taxonomy":"category","embeddable":true,"href":"https:\/\/ituzaingo.gob.ar\/turismo\/wp-json\/wp\/v2\/categories?post=102763"},{"taxonomy":"post_tag","embeddable":true,"href":"https:\/\/ituzaingo.gob.ar\/turismo\/wp-json\/wp\/v2\/tags?post=102763"}],"curies":[{"name":"wp","href":"https:\/\/api.w.org\/{rel}","templated":true}]}}