{"id":102884,"date":"2025-07-09T15:21:12","date_gmt":"2025-07-09T15:21:12","guid":{"rendered":"https:\/\/ituzaingo.gob.ar\/turismo\/?p=102884"},"modified":"2025-07-09T15:22:39","modified_gmt":"2025-07-09T15:22:39","slug":"diciembre-lanzamiento-de-temporada-de-verano","status":"publish","type":"post","link":"https:\/\/ituzaingo.gob.ar\/turismo\/diciembre-lanzamiento-de-temporada-de-verano\/","title":{"rendered":"DICIEMBRE: &#x1f389; Lanzamiento de Temporada de Verano"},"content":{"rendered":"\n<p>Una experiencia que da inicio a la magia del verano<\/p>\n\n\n\n<p>Cada a\u00f1o, el lanzamiento oficial de la temporada de verano se vive como una aut\u00e9ntica fiesta a orillas del Paran\u00e1. Este evento, que marca el comienzo de la \u00e9poca m\u00e1s esperada del a\u00f1o, se ha convertido en un cl\u00e1sico para residentes, turistas y amantes del litoral.<\/p>\n\n\n\n<p>Durante el lanzamiento, la ciudad se llena de vida con <strong>m\u00fasica en vivo<\/strong>, espect\u00e1culos al aire libre desfiles, food trucks y la presentaci\u00f3n de artistas locales y regionales que reflejan la identidad cultural correntina. Las actividades se desarrollan en un entorno \u00fanico: las playas del r\u00edo Paran\u00e1, con sus atardeceres imponentes, crean el escenario perfecto para disfrutar en familia o con amigos.<\/p>\n\n\n\n<p class=\"has-medium-font-size\">&#x1f3a4; <strong>El lanzamiento no es solo un evento: es una celebraci\u00f3n del verano, la cultura y el encuentro<br><\/strong> Ituzaing\u00f3 te invita a ser parte de esta experiencia \u00fanica que da el puntapi\u00e9 inicial a una temporada llena de sol, naturaleza y tradici\u00f3n.<\/p>\n\n\n<div id=\"metaslider-id-102889\" style=\"max-width: 700px;\" class=\"ml-slider-3-106-0 metaslider metaslider-flex metaslider-102889 ml-slider ml-slider-lightbox-2-23-0 lightbox-disabled ms-theme-default-base nav-hidden\" role=\"region\" aria-label=\"Apertura verano 2025\" data-width=\"700\">\n    <div id=\"metaslider_container_102889\">\n        <div id=\"metaslider_102889\">\n            <ul class='slides'>\n                <li style=\"display: block; width: 100%;\" class=\"slide-102890 ms-image \" aria-roledescription=\"slide\" data-date=\"2025-07-09 15:21:36\" data-filename=\"apertura_verano_2025-3-700x393.webp\" data-slide-type=\"image\"><img decoding=\"async\" src=\"https:\/\/ituzaingo.gob.ar\/turismo\/wp-content\/uploads\/2025\/07\/apertura_verano_2025-3-700x393.webp\" width=\"700\" alt=\"\" class=\"slider-102889 slide-102890 msDefaultImage\" title=\"apertura_verano_2025 (3)\" \/><\/li>\n                <li style=\"display: none; width: 100%;\" class=\"slide-102891 ms-image \" aria-roledescription=\"slide\" data-date=\"2025-07-09 15:21:36\" data-filename=\"apertura_verano_2025-2-700x393.webp\" data-slide-type=\"image\"><img decoding=\"async\" src=\"https:\/\/ituzaingo.gob.ar\/turismo\/wp-content\/uploads\/2025\/07\/apertura_verano_2025-2-700x393.webp\" width=\"700\" alt=\"\" class=\"slider-102889 slide-102891 msDefaultImage\" title=\"apertura_verano_2025 (2)\" \/><\/li>\n                <li style=\"display: none; width: 100%;\" class=\"slide-102892 ms-image \" aria-roledescription=\"slide\" data-date=\"2025-07-09 15:21:36\" data-filename=\"apertura_verano_2025-1-700x362.webp\" data-slide-type=\"image\"><img decoding=\"async\" src=\"https:\/\/ituzaingo.gob.ar\/turismo\/wp-content\/uploads\/2025\/07\/apertura_verano_2025-1-700x362.webp\" width=\"700\" alt=\"\" class=\"slider-102889 slide-102892 msDefaultImage\" title=\"apertura_verano_2025 (1)\" \/><\/li>\n            <\/ul>\n        <\/div>\n        \n    <\/div>\n<\/div>\n","protected":false},"excerpt":{"rendered":"<p>Una experiencia que da inicio a la magia del verano Cada a\u00f1o, el lanzamiento oficial de la temporada de verano se vive como una aut\u00e9ntica fiesta a orillas del Paran\u00e1. Este evento, que marca el comienzo de la \u00e9poca m\u00e1s esperada del a\u00f1o, se ha convertido en un cl\u00e1sico para residentes, turistas y amantes del [&hellip;]<\/p>\n","protected":false},"author":2,"featured_media":102886,"comment_status":"closed","ping_status":"closed","sticky":false,"template":"","format":"standard","meta":{"footnotes":""},"categories":[6],"tags":[],"class_list":["post-102884","post","type-post","status-publish","format-standard","has-post-thumbnail","hentry","category-eventos-anuales"],"blocksy_meta":[],"_links":{"self":[{"href":"https:\/\/ituzaingo.gob.ar\/turismo\/wp-json\/wp\/v2\/posts\/102884","targetHints":{"allow":["GET"]}}],"collection":[{"href":"https:\/\/ituzaingo.gob.ar\/turismo\/wp-json\/wp\/v2\/posts"}],"about":[{"href":"https:\/\/ituzaingo.gob.ar\/turismo\/wp-json\/wp\/v2\/types\/post"}],"author":[{"embeddable":true,"href":"https:\/\/ituzaingo.gob.ar\/turismo\/wp-json\/wp\/v2\/users\/2"}],"replies":[{"embeddable":true,"href":"https:\/\/ituzaingo.gob.ar\/turismo\/wp-json\/wp\/v2\/comments?post=102884"}],"version-history":[{"count":3,"href":"https:\/\/ituzaingo.gob.ar\/turismo\/wp-json\/wp\/v2\/posts\/102884\/revisions"}],"predecessor-version":[{"id":102895,"href":"https:\/\/ituzaingo.gob.ar\/turismo\/wp-json\/wp\/v2\/posts\/102884\/revisions\/102895"}],"wp:featuredmedia":[{"embeddable":true,"href":"https:\/\/ituzaingo.gob.ar\/turismo\/wp-json\/wp\/v2\/media\/102886"}],"wp:attachment":[{"href":"https:\/\/ituzaingo.gob.ar\/turismo\/wp-json\/wp\/v2\/media?parent=102884"}],"wp:term":[{"taxonomy":"category","embeddable":true,"href":"https:\/\/ituzaingo.gob.ar\/turismo\/wp-json\/wp\/v2\/categories?post=102884"},{"taxonomy":"post_tag","embeddable":true,"href":"https:\/\/ituzaingo.gob.ar\/turismo\/wp-json\/wp\/v2\/tags?post=102884"}],"curies":[{"name":"wp","href":"https:\/\/api.w.org\/{rel}","templated":true}]}}