{"id":102954,"date":"2025-08-29T21:18:41","date_gmt":"2025-08-29T21:18:41","guid":{"rendered":"https:\/\/ituzaingo.gob.ar\/turismo\/?p=102954"},"modified":"2025-08-29T21:18:42","modified_gmt":"2025-08-29T21:18:42","slug":"salas-de-primeros-auxilios","status":"publish","type":"post","link":"https:\/\/ituzaingo.gob.ar\/turismo\/salas-de-primeros-auxilios\/","title":{"rendered":"Salas de primeros auxilios"},"content":{"rendered":"\n<p class=\"has-large-font-size\"><strong>Salas de primeros auxilios<\/strong><\/p>\n\n\n\n<figure class=\"wp-block-table\">\n  <table class=\"filtrable\">\n    <thead>\n      <tr>\n        <th>Nombre<\/th>\n        <th>Direcci\u00f3n<\/th>\n        <th>Tel\u00e9fono<\/th>\n        <th>Ubicaci\u00f3n<\/th>\n      <\/tr>\n    <\/thead>\n    <tbody>\n      <tr>\n        <td>B\u00ba Chacra 7<\/td>\n        <td>Santa Fe<\/td>\n        <td>\u2013<\/td>\n        <td>\n          <a href=\"https:\/\/maps.app.goo.gl\/G6qHTrVeyF3r1kks7\" target=\"_blank\" rel=\"noopener noreferrer\">\n            <img loading=\"lazy\" decoding=\"async\" src=\"https:\/\/cdn-icons-png.flaticon.com\/512\/684\/684908.png\" alt=\"Mapa\" width=\"24\" height=\"24\">\n          <\/a>\n        <\/td>\n      <\/tr>\n      <tr>\n        <td>B\u00ba San Jorge<\/td>\n        <td>Calle 9<\/td>\n        <td>\u2013<\/td>\n        <td>\n          <a href=\"https:\/\/maps.app.goo.gl\/ogp94pbGcwqHEEJS6\" target=\"_blank\" rel=\"noopener noreferrer\">\n            <img loading=\"lazy\" decoding=\"async\" src=\"https:\/\/cdn-icons-png.flaticon.com\/512\/684\/684908.png\" alt=\"Mapa\" width=\"24\" height=\"24\">\n          <\/a>\n        <\/td>\n      <\/tr>\n      <tr>\n        <td>B\u00ba Itat\u00ed<\/td>\n        <td>Entre R\u00edos y Urquiza<\/td>\n        <td>\u2013<\/td>\n        <td>\n          <a href=\"https:\/\/maps.app.goo.gl\/RKCNeCGYMT6RYsPd8\" target=\"_blank\" rel=\"noopener noreferrer\">\n            <img loading=\"lazy\" decoding=\"async\" src=\"https:\/\/cdn-icons-png.flaticon.com\/512\/684\/684908.png\" alt=\"Mapa\" width=\"24\" height=\"24\">\n          <\/a>\n        <\/td>\n      <\/tr>\n      <tr>\n        <td>B\u00ba 180<\/td>\n        <td>Posadas y Pellegrini<\/td>\n        <td>\u2013<\/td>\n        <td>\n          <a href=\"https:\/\/maps.app.goo.gl\/j6hjMRaAMs8Zc6uk9\" target=\"_blank\" rel=\"noopener noreferrer\">\n            <img loading=\"lazy\" decoding=\"async\" src=\"https:\/\/cdn-icons-png.flaticon.com\/512\/684\/684908.png\" alt=\"Mapa\" width=\"24\" height=\"24\">\n          <\/a>\n        <\/td>\n      <\/tr>\n      <tr>\n        <td>B\u00ba General San Mart\u00edn<\/td>\n        <td>Calle L<\/td>\n        <td>\u2013<\/td>\n        <td>\n          <a href=\"https:\/\/maps.app.goo.gl\/4i4QozeesvH6HeCPA\" target=\"_blank\" rel=\"noopener noreferrer\">\n            <img loading=\"lazy\" decoding=\"async\" src=\"https:\/\/cdn-icons-png.flaticon.com\/512\/684\/684908.png\" alt=\"Mapa\" width=\"24\" height=\"24\">\n          <\/a>\n        <\/td>\n      <\/tr>\n    <\/tbody>\n  <\/table>\n<\/figure>\n\n","protected":false},"excerpt":{"rendered":"<p>Salas de primeros auxilios Nombre Direcci\u00f3n Tel\u00e9fono Ubicaci\u00f3n B\u00ba Chacra 7 Santa Fe \u2013 B\u00ba San Jorge Calle 9 \u2013 B\u00ba Itat\u00ed Entre R\u00edos y Urquiza \u2013 B\u00ba 180 Posadas y Pellegrini \u2013 B\u00ba General San Mart\u00edn Calle L \u2013<\/p>\n","protected":false},"author":2,"featured_media":102955,"comment_status":"closed","ping_status":"closed","sticky":false,"template":"","format":"standard","meta":{"footnotes":""},"categories":[119],"tags":[],"class_list":["post-102954","post","type-post","status-publish","format-standard","has-post-thumbnail","hentry","category-servicios"],"blocksy_meta":[],"_links":{"self":[{"href":"https:\/\/ituzaingo.gob.ar\/turismo\/wp-json\/wp\/v2\/posts\/102954","targetHints":{"allow":["GET"]}}],"collection":[{"href":"https:\/\/ituzaingo.gob.ar\/turismo\/wp-json\/wp\/v2\/posts"}],"about":[{"href":"https:\/\/ituzaingo.gob.ar\/turismo\/wp-json\/wp\/v2\/types\/post"}],"author":[{"embeddable":true,"href":"https:\/\/ituzaingo.gob.ar\/turismo\/wp-json\/wp\/v2\/users\/2"}],"replies":[{"embeddable":true,"href":"https:\/\/ituzaingo.gob.ar\/turismo\/wp-json\/wp\/v2\/comments?post=102954"}],"version-history":[{"count":1,"href":"https:\/\/ituzaingo.gob.ar\/turismo\/wp-json\/wp\/v2\/posts\/102954\/revisions"}],"predecessor-version":[{"id":102956,"href":"https:\/\/ituzaingo.gob.ar\/turismo\/wp-json\/wp\/v2\/posts\/102954\/revisions\/102956"}],"wp:featuredmedia":[{"embeddable":true,"href":"https:\/\/ituzaingo.gob.ar\/turismo\/wp-json\/wp\/v2\/media\/102955"}],"wp:attachment":[{"href":"https:\/\/ituzaingo.gob.ar\/turismo\/wp-json\/wp\/v2\/media?parent=102954"}],"wp:term":[{"taxonomy":"category","embeddable":true,"href":"https:\/\/ituzaingo.gob.ar\/turismo\/wp-json\/wp\/v2\/categories?post=102954"},{"taxonomy":"post_tag","embeddable":true,"href":"https:\/\/ituzaingo.gob.ar\/turismo\/wp-json\/wp\/v2\/tags?post=102954"}],"curies":[{"name":"wp","href":"https:\/\/api.w.org\/{rel}","templated":true}]}}