{"id":102977,"date":"2025-09-07T23:39:35","date_gmt":"2025-09-07T23:39:35","guid":{"rendered":"https:\/\/ituzaingo.gob.ar\/turismo\/?p=102977"},"modified":"2025-09-07T23:39:36","modified_gmt":"2025-09-07T23:39:36","slug":"gomerias","status":"publish","type":"post","link":"https:\/\/ituzaingo.gob.ar\/turismo\/gomerias\/","title":{"rendered":"Gomer\u00edas"},"content":{"rendered":"\n<p class=\"has-large-font-size\"><strong>Gomer\u00edas<\/strong><\/p>\n\n\n\n<figure class=\"wp-block-table\">\n  <table class=\"filtrable\">\n    <thead>\n      <tr>\n        <th>Nombre<\/th>\n        <th>Direcci\u00f3n<\/th>\n        <th>Tel\u00e9fono<\/th>\n        <th>Ubicaci\u00f3n<\/th>\n      <\/tr>\n    <\/thead>\n    <tbody>\n      <tr>\n        <td>J.A.P. &#8211; Taller y Gomer\u00eda<\/td>\n        <td>Posadas y Sgto. Cabral<\/td>\n        <td>\u2013<\/td>\n        <td>\n          <a href=\"https:\/\/maps.app.goo.gl\/Q73myXK13Mevzi666\" target=\"_blank\" rel=\"noopener noreferrer\">\n            <img loading=\"lazy\" decoding=\"async\" src=\"https:\/\/cdn-icons-png.flaticon.com\/512\/684\/684908.png\" alt=\"Mapa\" width=\"24\" height=\"24\">\n          <\/a>\n        <\/td>\n      <\/tr>\n      <tr>\n        <td>Flores<\/td>\n        <td>3 de Abril s\/n\u00ba<\/td>\n        <td>3786-615182<\/td>\n        <td>\n          <a href=\"https:\/\/maps.app.goo.gl\/3t9E4BDCNc7NPZhg6\" target=\"_blank\" rel=\"noopener noreferrer\">\n            <img loading=\"lazy\" decoding=\"async\" src=\"https:\/\/cdn-icons-png.flaticon.com\/512\/684\/684908.png\" alt=\"Mapa\" width=\"24\" height=\"24\">\n          <\/a>\n        <\/td>\n      <\/tr>\n      <tr>\n        <td>Roberto<\/td>\n        <td>Sgto. Cabral y Cortada N\u00ba1<\/td>\n        <td>3786-457950<\/td>\n        <td>\n          <a href=\"https:\/\/maps.app.goo.gl\/zttYHnYqTWNUVK2A7\" target=\"_blank\" rel=\"noopener noreferrer\">\n            <img loading=\"lazy\" decoding=\"async\" src=\"https:\/\/cdn-icons-png.flaticon.com\/512\/684\/684908.png\" alt=\"Mapa\" width=\"24\" height=\"24\">\n          <\/a>\n        <\/td>\n      <\/tr>\n      <tr>\n        <td>Trendel &#8211; Taller Mec\u00e1nico Gomer\u00eda<\/td>\n        <td>Sarmiento 2012<\/td>\n        <td>3786-518132<\/td>\n        <td>\n          <a href=\"https:\/\/maps.app.goo.gl\/71XEDgT5kWpitgV29\" target=\"_blank\" rel=\"noopener noreferrer\">\n            <img loading=\"lazy\" decoding=\"async\" src=\"https:\/\/cdn-icons-png.flaticon.com\/512\/684\/684908.png\" alt=\"Mapa\" width=\"24\" height=\"24\">\n          <\/a>\n        <\/td>\n      <\/tr>\n    <\/tbody>\n  <\/table>\n<\/figure>\n\n","protected":false},"excerpt":{"rendered":"<p>Gomer\u00edas Nombre Direcci\u00f3n Tel\u00e9fono Ubicaci\u00f3n J.A.P. &#8211; Taller y Gomer\u00eda Posadas y Sgto. Cabral \u2013 Flores 3 de Abril s\/n\u00ba 3786-615182 Roberto Sgto. Cabral y Cortada N\u00ba1 3786-457950 Trendel &#8211; Taller Mec\u00e1nico Gomer\u00eda Sarmiento 2012 3786-518132<\/p>\n","protected":false},"author":2,"featured_media":102978,"comment_status":"closed","ping_status":"closed","sticky":false,"template":"","format":"standard","meta":{"footnotes":""},"categories":[119],"tags":[],"class_list":["post-102977","post","type-post","status-publish","format-standard","has-post-thumbnail","hentry","category-servicios"],"blocksy_meta":[],"_links":{"self":[{"href":"https:\/\/ituzaingo.gob.ar\/turismo\/wp-json\/wp\/v2\/posts\/102977","targetHints":{"allow":["GET"]}}],"collection":[{"href":"https:\/\/ituzaingo.gob.ar\/turismo\/wp-json\/wp\/v2\/posts"}],"about":[{"href":"https:\/\/ituzaingo.gob.ar\/turismo\/wp-json\/wp\/v2\/types\/post"}],"author":[{"embeddable":true,"href":"https:\/\/ituzaingo.gob.ar\/turismo\/wp-json\/wp\/v2\/users\/2"}],"replies":[{"embeddable":true,"href":"https:\/\/ituzaingo.gob.ar\/turismo\/wp-json\/wp\/v2\/comments?post=102977"}],"version-history":[{"count":1,"href":"https:\/\/ituzaingo.gob.ar\/turismo\/wp-json\/wp\/v2\/posts\/102977\/revisions"}],"predecessor-version":[{"id":102979,"href":"https:\/\/ituzaingo.gob.ar\/turismo\/wp-json\/wp\/v2\/posts\/102977\/revisions\/102979"}],"wp:featuredmedia":[{"embeddable":true,"href":"https:\/\/ituzaingo.gob.ar\/turismo\/wp-json\/wp\/v2\/media\/102978"}],"wp:attachment":[{"href":"https:\/\/ituzaingo.gob.ar\/turismo\/wp-json\/wp\/v2\/media?parent=102977"}],"wp:term":[{"taxonomy":"category","embeddable":true,"href":"https:\/\/ituzaingo.gob.ar\/turismo\/wp-json\/wp\/v2\/categories?post=102977"},{"taxonomy":"post_tag","embeddable":true,"href":"https:\/\/ituzaingo.gob.ar\/turismo\/wp-json\/wp\/v2\/tags?post=102977"}],"curies":[{"name":"wp","href":"https:\/\/api.w.org\/{rel}","templated":true}]}}