{"id":207,"date":"2025-01-06T15:39:54","date_gmt":"2025-01-06T15:39:54","guid":{"rendered":"https:\/\/ituzaingo.gob.ar\/turismo\/?p=207"},"modified":"2025-05-26T16:08:04","modified_gmt":"2025-05-26T16:08:04","slug":"eventos-anuales","status":"publish","type":"post","link":"https:\/\/ituzaingo.gob.ar\/turismo\/eventos-anuales\/","title":{"rendered":"Eventos anuales"},"content":{"rendered":"    <div class=\"fa-pfp-wrapper\">\n      <input type=\"text\" class=\"fa-pfp-search\" placeholder=\"Filtrar por nombre\u2026\" \/>\n      <div class=\"fa-pfp-container\">\n                              <div class=\"fa-pfp-card\" data-title=\"Enero &#8211; Febrero: Carnavales\" style=\"background-image:url('https:\/\/ituzaingo.gob.ar\/turismo\/wp-content\/uploads\/2025\/01\/carnaval2.webp')\">\n              <a href=\"https:\/\/ituzaingo.gob.ar\/turismo\/enero-febrero-carnavales\/\" class=\"fa-pfp-link\"><\/a>\n              <h3 class=\"fa-pfp-title\">Enero &#8211; Febrero: Carnavales<\/h3>\n            <\/div>\n                      <div class=\"fa-pfp-card\" data-title=\"Abril: Semana Santa\" style=\"background-image:url('https:\/\/ituzaingo.gob.ar\/turismo\/wp-content\/uploads\/2025\/05\/semana_santa_itu-27.webp')\">\n              <a href=\"https:\/\/ituzaingo.gob.ar\/turismo\/abril-semana-santa\/\" class=\"fa-pfp-link\"><\/a>\n              <h3 class=\"fa-pfp-title\">Abril: Semana Santa<\/h3>\n            <\/div>\n                      <div class=\"fa-pfp-card\" data-title=\"Junio: Fiesta Patronal\" style=\"background-image:url('https:\/\/ituzaingo.gob.ar\/turismo\/wp-content\/uploads\/2025\/05\/fiestas_patronales_fotos-39.webp')\">\n              <a href=\"https:\/\/ituzaingo.gob.ar\/turismo\/junio-fiesta-patronal\/\" class=\"fa-pfp-link\"><\/a>\n              <h3 class=\"fa-pfp-title\">Junio: Fiesta Patronal<\/h3>\n            <\/div>\n                      <div class=\"fa-pfp-card\" data-title=\"Julio: Encuentro de Autos Cl\u00e1sicos\" style=\"background-image:url('https:\/\/ituzaingo.gob.ar\/turismo\/wp-content\/uploads\/2025\/05\/ITUCLASICOS5.webp')\">\n              <a href=\"https:\/\/ituzaingo.gob.ar\/turismo\/julio-encuentro-de-autos-clasicos\/\" class=\"fa-pfp-link\"><\/a>\n              <h3 class=\"fa-pfp-title\">Julio: Encuentro de Autos Cl\u00e1sicos<\/h3>\n            <\/div>\n                      <div class=\"fa-pfp-card\" data-title=\"Agosto: Mes de Ituzaing\u00f3\" style=\"background-image:url('https:\/\/ituzaingo.gob.ar\/turismo\/wp-content\/uploads\/2025\/05\/mes_ituzaingo-3.webp')\">\n              <a href=\"https:\/\/ituzaingo.gob.ar\/turismo\/agosto-mes-de-ituzaingo\/\" class=\"fa-pfp-link\"><\/a>\n              <h3 class=\"fa-pfp-title\">Agosto: Mes de Ituzaing\u00f3<\/h3>\n            <\/div>\n                      <div class=\"fa-pfp-card\" data-title=\"Septiembre: Fiesta Nacional de la Yerra y la Doma Correntina\" style=\"background-image:url('https:\/\/ituzaingo.gob.ar\/turismo\/wp-content\/uploads\/2025\/05\/yerra_doma_correntina-23.webp')\">\n              <a href=\"https:\/\/ituzaingo.gob.ar\/turismo\/septiembre-fiesta-nacional-de-la-yerra-y-la-doma-correntina\/\" class=\"fa-pfp-link\"><\/a>\n              <h3 class=\"fa-pfp-title\">Septiembre: Fiesta Nacional de la Yerra y la Doma Correntina<\/h3>\n            <\/div>\n                      <div class=\"fa-pfp-card\" data-title=\"Noviembre &#8211; Moto Beach\" style=\"background-image:url('https:\/\/ituzaingo.gob.ar\/turismo\/wp-content\/uploads\/2025\/05\/moto_beach-18.webp')\">\n              <a href=\"https:\/\/ituzaingo.gob.ar\/turismo\/noviembre-moto-beach\/\" class=\"fa-pfp-link\"><\/a>\n              <h3 class=\"fa-pfp-title\">Noviembre &#8211; Moto Beach<\/h3>\n            <\/div>\n                      <div class=\"fa-pfp-card\" data-title=\"Noviembre &#8211; Concurso Integraci\u00f3n Pesca del Surub\u00ed con devoluci\u00f3n\" style=\"background-image:url('https:\/\/ituzaingo.gob.ar\/turismo\/wp-content\/uploads\/2025\/07\/pesca_surubi_noviembre-12.webp')\">\n              <a href=\"https:\/\/ituzaingo.gob.ar\/turismo\/noviembre-concurso-integracion-pesca-del-surubi-con-devolucion\/\" class=\"fa-pfp-link\"><\/a>\n              <h3 class=\"fa-pfp-title\">Noviembre &#8211; Concurso Integraci\u00f3n Pesca del Surub\u00ed con devoluci\u00f3n<\/h3>\n            <\/div>\n                      <div class=\"fa-pfp-card\" data-title=\"DICIEMBRE: &#x1f389; Lanzamiento de Temporada de Verano\" style=\"background-image:url('https:\/\/ituzaingo.gob.ar\/turismo\/wp-content\/uploads\/2025\/07\/apertura_verano_2025-1.webp')\">\n              <a href=\"https:\/\/ituzaingo.gob.ar\/turismo\/diciembre-lanzamiento-de-temporada-de-verano\/\" class=\"fa-pfp-link\"><\/a>\n              <h3 class=\"fa-pfp-title\">DICIEMBRE: &#x1f389; Lanzamiento de Temporada de Verano<\/h3>\n            <\/div>\n                        <\/div>\n    <\/div>\n    \n","protected":false},"excerpt":{"rendered":"","protected":false},"author":2,"featured_media":0,"comment_status":"closed","ping_status":"closed","sticky":false,"template":"","format":"standard","meta":{"footnotes":""},"categories":[1],"tags":[],"class_list":["post-207","post","type-post","status-publish","format-standard","hentry","category-sin-categoria"],"blocksy_meta":[],"_links":{"self":[{"href":"https:\/\/ituzaingo.gob.ar\/turismo\/wp-json\/wp\/v2\/posts\/207","targetHints":{"allow":["GET"]}}],"collection":[{"href":"https:\/\/ituzaingo.gob.ar\/turismo\/wp-json\/wp\/v2\/posts"}],"about":[{"href":"https:\/\/ituzaingo.gob.ar\/turismo\/wp-json\/wp\/v2\/types\/post"}],"author":[{"embeddable":true,"href":"https:\/\/ituzaingo.gob.ar\/turismo\/wp-json\/wp\/v2\/users\/2"}],"replies":[{"embeddable":true,"href":"https:\/\/ituzaingo.gob.ar\/turismo\/wp-json\/wp\/v2\/comments?post=207"}],"version-history":[{"count":18,"href":"https:\/\/ituzaingo.gob.ar\/turismo\/wp-json\/wp\/v2\/posts\/207\/revisions"}],"predecessor-version":[{"id":102658,"href":"https:\/\/ituzaingo.gob.ar\/turismo\/wp-json\/wp\/v2\/posts\/207\/revisions\/102658"}],"wp:attachment":[{"href":"https:\/\/ituzaingo.gob.ar\/turismo\/wp-json\/wp\/v2\/media?parent=207"}],"wp:term":[{"taxonomy":"category","embeddable":true,"href":"https:\/\/ituzaingo.gob.ar\/turismo\/wp-json\/wp\/v2\/categories?post=207"},{"taxonomy":"post_tag","embeddable":true,"href":"https:\/\/ituzaingo.gob.ar\/turismo\/wp-json\/wp\/v2\/tags?post=207"}],"curies":[{"name":"wp","href":"https:\/\/api.w.org\/{rel}","templated":true}]}}